{"id":16591,"date":"2022-07-30T13:19:04","date_gmt":"2022-07-30T16:19:04","guid":{"rendered":"https:\/\/chacosintesis.com.ar\/?p=16591"},"modified":"2022-07-30T13:36:47","modified_gmt":"2022-07-30T16:36:47","slug":"avia-terai-un-adolescente-de-16-anos-murio-tras-un-choque-entre-una-moto-y-un-auto","status":"publish","type":"post","link":"https:\/\/chacosintesis.com.ar\/index.php\/avia-terai-un-adolescente-de-16-anos-murio-tras-un-choque-entre-una-moto-y-un-auto\/","title":{"rendered":"Av\u00eda Terai: Un adolescente de 16 a\u00f1os muri\u00f3 tras un choque entre una moto y un auto"},"content":{"rendered":"<p>Un joven de 16 a\u00f1os falleci\u00f3 en la ma\u00f1ana de este s\u00e1bado producto de un choque entre la mota en la que circulaba y un autom\u00f3vil. El hecho se produjo cerca de las 10:15 cuando un autom\u00f3vil marca Peugeot, guiado por un hombre de 44 a\u00f1os, y una moto 110 marca Guerrero, conducida por Hugo S\u00e1nchez, chocaron en la avenida 10 y colectora de Avia Terai.<br \/>\nAl lugar llegaron los uniformados de la Comisar\u00eda de esa localidad y una ambulancia con el m\u00e9dico de turno del hospital local, el cual inform\u00f3 que el menor se encontraba sin signos vitales.<br \/>\nEn el lugar del hecho el personal del Gabinete Cient\u00edfico del Poder Judicial realiz\u00f3 las pericias.<\/p>\n","protected":false},"excerpt":{"rendered":"<p>Un joven de 16 a\u00f1os falleci\u00f3 en la ma\u00f1ana de este s\u00e1bado producto de un choque entre la mota en la que circulaba y un autom\u00f3vil. El hecho se produjo cerca de las 10:15 cuando un autom\u00f3vil marca Peugeot, guiado por un hombre de 44 a\u00f1os, y una moto 110 marca Guerrero, conducida por Hugo [&hellip;]<\/p>\n","protected":false},"author":1,"featured_media":16592,"comment_status":"closed","ping_status":"closed","sticky":false,"template":"","format":"standard","meta":{"footnotes":""},"categories":[6],"tags":[197],"class_list":{"0":"post-16591","1":"post","2":"type-post","3":"status-publish","4":"format-standard","5":"has-post-thumbnail","7":"category-chaco","8":"tag-destacada"},"_links":{"self":[{"href":"https:\/\/chacosintesis.com.ar\/index.php\/wp-json\/wp\/v2\/posts\/16591","targetHints":{"allow":["GET"]}}],"collection":[{"href":"https:\/\/chacosintesis.com.ar\/index.php\/wp-json\/wp\/v2\/posts"}],"about":[{"href":"https:\/\/chacosintesis.com.ar\/index.php\/wp-json\/wp\/v2\/types\/post"}],"author":[{"embeddable":true,"href":"https:\/\/chacosintesis.com.ar\/index.php\/wp-json\/wp\/v2\/users\/1"}],"replies":[{"embeddable":true,"href":"https:\/\/chacosintesis.com.ar\/index.php\/wp-json\/wp\/v2\/comments?post=16591"}],"version-history":[{"count":0,"href":"https:\/\/chacosintesis.com.ar\/index.php\/wp-json\/wp\/v2\/posts\/16591\/revisions"}],"wp:featuredmedia":[{"embeddable":true,"href":"https:\/\/chacosintesis.com.ar\/index.php\/wp-json\/wp\/v2\/media\/16592"}],"wp:attachment":[{"href":"https:\/\/chacosintesis.com.ar\/index.php\/wp-json\/wp\/v2\/media?parent=16591"}],"wp:term":[{"taxonomy":"category","embeddable":true,"href":"https:\/\/chacosintesis.com.ar\/index.php\/wp-json\/wp\/v2\/categories?post=16591"},{"taxonomy":"post_tag","embeddable":true,"href":"https:\/\/chacosintesis.com.ar\/index.php\/wp-json\/wp\/v2\/tags?post=16591"}],"curies":[{"name":"wp","href":"https:\/\/api.w.org\/{rel}","templated":true}]}}