{"id":16589,"date":"2022-07-29T17:21:07","date_gmt":"2022-07-29T20:21:07","guid":{"rendered":"https:\/\/chacosintesis.com.ar\/?p=16589"},"modified":"2022-07-29T17:36:43","modified_gmt":"2022-07-29T20:36:43","slug":"a-partir-del-lunes-las-primarias-incorporaran-el-nuevo-horario-de-clases","status":"publish","type":"post","link":"https:\/\/chacosintesis.com.ar\/index.php\/a-partir-del-lunes-las-primarias-incorporaran-el-nuevo-horario-de-clases\/","title":{"rendered":"A partir del lunes las primarias incorporar\u00e1n el nuevo horario de clases"},"content":{"rendered":"<p>Se extender\u00e1 una hora el tiempo de permanencia en las aulas. La medida busca fortalecer los aprendizajes para lo que resta de 2022.<\/p>\n<p>Despu\u00e9s del receso de invierno, las escuelas de nivel primario contar\u00e1n con una hora m\u00e1s de actividades. Son m\u00e1s de 1.100 escuelas de la provincia tendr\u00e1n una hora m\u00e1s de clase. A partir del lunes 1 de agosto el turno ma\u00f1ana comenzar\u00e1 a las 7.45 y finalizar\u00e1 a las 12.45. Mientras que el turno tarde se extender\u00e1 de 13.15 a 18.15.<br \/>\nLa decisi\u00f3n abarca a casi 160.000 ni\u00f1as y ni\u00f1os de primero a s\u00e9ptimo grado y a m\u00e1s de 8000 docentes, seg\u00fan fuentes oficiales.<br \/>\n EL OBJETIVO<br \/>\nLa ampliaci\u00f3n del tiempo escolar forma parte de un proceso que apunta a fortalecer aprendizajes, especialmente despu\u00e9s de dos a\u00f1os de medidas sanitarias por la pandemia Covid-19.<br \/>\nChaco es una de las provincias que cumple un acuerdo aprobado por unanimidad en el Consejo Federal de Educaci\u00f3n.<br \/>\nTambi\u00e9n confirmaron la modificaci\u00f3n autoridades de Catamarca, Entre R\u00edos, Santa Cruz, Tucum\u00e1n, Tierra del Fuego y San Juan.<br \/>\nRESPUESTA DISPAR<br \/>\nDe manera dispar, tanto familias como sindicatos se expresaron sobre el tema. Los mayores contrastes en las opiniones ubican por un lado expresiones a favor de que haya m\u00e1s tiempo de clases; mientras que por otro se critican condiciones edilicias y dificultades por superposici\u00f3n de tareas.<br \/>\n\u2018Las familias tienen organizada su vida de una manera y los docentes tambi\u00e9n, por lo que hacer cambios a mitad de a\u00f1o va a ser problem\u00e1tico\u2018, confi\u00f3 a NORTE una de las fuentes del sector gremial.<br \/>\nLa propuesta forma parte de los Lineamientos de la Ley Nacional de Educaci\u00f3n N\u00ba 26.2006\/06, y de resoluciones del Consejo Federal por una mejora progresiva de la calidad educativa.<br \/>\nCon la cuesti\u00f3n salarial de fondo<br \/>\nPara un docente la jornada ampliada se traduce en un incremento en sus ingresos por el aumento de las horas trabajadas. La extensi\u00f3n a 25 horas semanales representa, en promedio, 20% m\u00e1s en el salario bruto.<br \/>\nOtra forma de medir esa proporci\u00f3n extra es en 1000 unidades al valor del punto, un tecnicismo que organiza el haber mensual. Para abonar ese plus la cartera educativa nacional se comprometi\u00f3 a aportar 80%, mientras que la provincial asumi\u00f3 el restante 20% .<br \/>\nPORCENTAJES ACUMULADOS<br \/>\nHace 17 d\u00edas el gobernador del Chaco anunci\u00f3 que el incremento salarial alcanz\u00f3 un 22% en el segundo trimestre del a\u00f1o y el 40% en el semestre, un 5% m\u00e1s que la inflaci\u00f3n en lo que va del a\u00f1o. \u2018Un maestro de grado de jornada simple pasar\u00e1 de $56.000 en mayo a $63.000 en julio, y con la extensi\u00f3nde la jornada superar\u00e1 los $73.000, un 63,4% acumulado\u2018, explic\u00f3 el mandatario.<br \/>\n DIARIO NORTE.-<\/p>\n","protected":false},"excerpt":{"rendered":"<p>Se extender\u00e1 una hora el tiempo de permanencia en las aulas. La medida busca fortalecer los aprendizajes para lo que resta de 2022. Despu\u00e9s del receso de invierno, las escuelas de nivel primario contar\u00e1n con una hora m\u00e1s de actividades. Son m\u00e1s de 1.100 escuelas de la provincia tendr\u00e1n una hora m\u00e1s de clase. A [&hellip;]<\/p>\n","protected":false},"author":1,"featured_media":16590,"comment_status":"closed","ping_status":"closed","sticky":false,"template":"","format":"standard","meta":{"footnotes":""},"categories":[6],"tags":[197],"class_list":{"0":"post-16589","1":"post","2":"type-post","3":"status-publish","4":"format-standard","5":"has-post-thumbnail","7":"category-chaco","8":"tag-destacada"},"_links":{"self":[{"href":"https:\/\/chacosintesis.com.ar\/index.php\/wp-json\/wp\/v2\/posts\/16589","targetHints":{"allow":["GET"]}}],"collection":[{"href":"https:\/\/chacosintesis.com.ar\/index.php\/wp-json\/wp\/v2\/posts"}],"about":[{"href":"https:\/\/chacosintesis.com.ar\/index.php\/wp-json\/wp\/v2\/types\/post"}],"author":[{"embeddable":true,"href":"https:\/\/chacosintesis.com.ar\/index.php\/wp-json\/wp\/v2\/users\/1"}],"replies":[{"embeddable":true,"href":"https:\/\/chacosintesis.com.ar\/index.php\/wp-json\/wp\/v2\/comments?post=16589"}],"version-history":[{"count":0,"href":"https:\/\/chacosintesis.com.ar\/index.php\/wp-json\/wp\/v2\/posts\/16589\/revisions"}],"wp:featuredmedia":[{"embeddable":true,"href":"https:\/\/chacosintesis.com.ar\/index.php\/wp-json\/wp\/v2\/media\/16590"}],"wp:attachment":[{"href":"https:\/\/chacosintesis.com.ar\/index.php\/wp-json\/wp\/v2\/media?parent=16589"}],"wp:term":[{"taxonomy":"category","embeddable":true,"href":"https:\/\/chacosintesis.com.ar\/index.php\/wp-json\/wp\/v2\/categories?post=16589"},{"taxonomy":"post_tag","embeddable":true,"href":"https:\/\/chacosintesis.com.ar\/index.php\/wp-json\/wp\/v2\/tags?post=16589"}],"curies":[{"name":"wp","href":"https:\/\/api.w.org\/{rel}","templated":true}]}}