{"id":16587,"date":"2022-07-29T11:04:01","date_gmt":"2022-07-29T14:04:01","guid":{"rendered":"https:\/\/chacosintesis.com.ar\/?p=16587"},"modified":"2022-07-29T11:06:52","modified_gmt":"2022-07-29T14:06:52","slug":"convergencia-social-ucr-define-representaciones-de-cara-a-las-elecciones-del-2023","status":"publish","type":"post","link":"https:\/\/chacosintesis.com.ar\/index.php\/convergencia-social-ucr-define-representaciones-de-cara-a-las-elecciones-del-2023\/","title":{"rendered":"Convergencia Social UCR define representaciones de cara a las elecciones del 2023"},"content":{"rendered":"<p>Este s\u00e1bado 30 de julio a la hora 9.30 en el Centro Cultural San Mart\u00edn de la ciudad de Quitilipi, Convergencia Social-UCR realizar\u00e1 una jornada de trabajo con el objetivo de abordar la situaci\u00f3n econ\u00f3mica, social  y pol\u00edtica tanto a nivel provincial como nacional y definir representaciones de cara a las elecciones del a\u00f1o 2023.  El encuentro contar\u00e1 con la presencia del presidente de Convergencia Social, el ex gobernador Angel Rozas, legisladores nacionales y provinciales, intendentes, concejales, dirigentes y militantes de la provincia.<br \/>\nDesde la mesa directiva de Convergencia Social definieron la convocatoria como el primer paso hacia un objetivo mayor que representa la unidad de la UCR como estrategia imprescindible para volver a gobernar la provincia \u201cEste s\u00e1bado se trabajar\u00e1 para definir representaciones dentro de nuestro espacio pero es necesario el compromiso de todos, Convergencia Social naci\u00f3 del principio de unidad de la Uni\u00f3n C\u00edvica Radical y fue esa fuerza la que nos permiti\u00f3 gobernar el Chaco y desde ese lugar realizar las transformaciones necesarias para mejorar la calidad de vida de los chaque\u00f1os,  estamos convencidos  que la unidad es el camino que nos permitir\u00e1 fortalecernos como alternativa  ante la ciudadan\u00eda  y  poder convocar a otros sectores de la pol\u00edtica y la sociedad que compartan la idea de trabajar por el bien com\u00fan del Chaco y los chaque\u00f1os\u201d<\/p>\n","protected":false},"excerpt":{"rendered":"<p>Este s\u00e1bado 30 de julio a la hora 9.30 en el Centro Cultural San Mart\u00edn de la ciudad de Quitilipi, Convergencia Social-UCR realizar\u00e1 una jornada de trabajo con el objetivo de abordar la situaci\u00f3n econ\u00f3mica, social y pol\u00edtica tanto a nivel provincial como nacional y definir representaciones de cara a las elecciones del a\u00f1o 2023. [&hellip;]<\/p>\n","protected":false},"author":1,"featured_media":16588,"comment_status":"closed","ping_status":"closed","sticky":false,"template":"","format":"standard","meta":{"footnotes":""},"categories":[6],"tags":[],"class_list":{"0":"post-16587","1":"post","2":"type-post","3":"status-publish","4":"format-standard","5":"has-post-thumbnail","7":"category-chaco"},"_links":{"self":[{"href":"https:\/\/chacosintesis.com.ar\/index.php\/wp-json\/wp\/v2\/posts\/16587","targetHints":{"allow":["GET"]}}],"collection":[{"href":"https:\/\/chacosintesis.com.ar\/index.php\/wp-json\/wp\/v2\/posts"}],"about":[{"href":"https:\/\/chacosintesis.com.ar\/index.php\/wp-json\/wp\/v2\/types\/post"}],"author":[{"embeddable":true,"href":"https:\/\/chacosintesis.com.ar\/index.php\/wp-json\/wp\/v2\/users\/1"}],"replies":[{"embeddable":true,"href":"https:\/\/chacosintesis.com.ar\/index.php\/wp-json\/wp\/v2\/comments?post=16587"}],"version-history":[{"count":0,"href":"https:\/\/chacosintesis.com.ar\/index.php\/wp-json\/wp\/v2\/posts\/16587\/revisions"}],"wp:featuredmedia":[{"embeddable":true,"href":"https:\/\/chacosintesis.com.ar\/index.php\/wp-json\/wp\/v2\/media\/16588"}],"wp:attachment":[{"href":"https:\/\/chacosintesis.com.ar\/index.php\/wp-json\/wp\/v2\/media?parent=16587"}],"wp:term":[{"taxonomy":"category","embeddable":true,"href":"https:\/\/chacosintesis.com.ar\/index.php\/wp-json\/wp\/v2\/categories?post=16587"},{"taxonomy":"post_tag","embeddable":true,"href":"https:\/\/chacosintesis.com.ar\/index.php\/wp-json\/wp\/v2\/tags?post=16587"}],"curies":[{"name":"wp","href":"https:\/\/api.w.org\/{rel}","templated":true}]}}