{"id":16579,"date":"2022-07-29T10:49:56","date_gmt":"2022-07-29T13:49:56","guid":{"rendered":"https:\/\/chacosintesis.com.ar\/?p=16579"},"modified":"2022-07-29T11:06:49","modified_gmt":"2022-07-29T14:06:49","slug":"odontologos-de-salud-publica-fueron-recibidos-en-la-legislatura-provincial","status":"publish","type":"post","link":"https:\/\/chacosintesis.com.ar\/index.php\/odontologos-de-salud-publica-fueron-recibidos-en-la-legislatura-provincial\/","title":{"rendered":"Odont\u00f3logos de Salud P\u00fablica fueron recibidos en la legislatura provincial"},"content":{"rendered":"<p>Representantes de Odont\u00f3logos de Salud P\u00fablica y Privados del Colegio de Odont\u00f3logos del Chaco, encabezados por su presidente la Dra. Alicia Sol\u00eds y los Dres. Jose Aguilera y Alberto To\u00f1anez continuando con su tarea de exposici\u00f3n de la realidad profesional en la provincia mantuvieron una reuni\u00f3n con la Diputada Paola Ben\u00edtez, ex ministra de salud provincial y actualmente vice presidente de la comisi\u00f3n de Salud del poder legislativo.<br \/>\n La legisladora escuch\u00f3 atentamente la preocupaci\u00f3n existente entre los cuadros profesionales odontol\u00f3gicos sobre una iniciativa presentada que solo beneficia a un sector del \u00e1mbito de los profesionales de la salud p\u00fablica provincial, la diputada conocedora del \u00e1mbito sanitario escucho los cuestionamientos y las inquietudes de los profesionales.<br \/>\n Los odont\u00f3logos remarcaron la urgente necesidad de revisi\u00f3n de los decretos 1266 y 1290\/22 que oportunamente otorgaron aumentos como \u201csuplemento complementario\u201d y valores de costos guardias en forma selectiva solamente a los profesionales m\u00e9dicos de Salud P\u00fablica, en ese \u00e1mbito  invocando razones que los profesionales consideran de desigualdad y falta de equidad para una misma jerarqu\u00eda profesional de los mas de 290 odont\u00f3logos existentes en la plantilla de salud publica es que viene realizando un peregrinar ante estamento oficiales entre ellos la c\u00e1mara de diputados del Chaco.<br \/>\n Recodaron ademas que este mismo planteo en audiencia otorgada se realizo ante la actual ministra de salud Carolina Centeno, quien no hizo lugar hasta la fecha a acceder a una reformulaci\u00f3n u decreto complementario que equipare los ingresos de quienes tienen una carrera profesional de la misma duraci\u00f3n  curricular de los m\u00e9dicos, por ende entonces solicitamos en igual modo ante el propio gobernador de la Provincia Jorge Capitanich la revisi\u00f3n de este trato que afecta el derecho de igualdad y el principio de la no discriminaci\u00f3n ya que no existe raz\u00f3n ni razonabilidad que justifique que un aumento sea solo para algunos y no para todos.<br \/>\n Por otra parte, la Diputada Ben\u00edtez se comprometi\u00f3 a trabajar en conjunto para lograr concreciones sobre temas muy sensibles como lo son la necesidad de reformas y modificaciones acordes a la realidad actual de sus leyes.<\/p>\n","protected":false},"excerpt":{"rendered":"<p>Representantes de Odont\u00f3logos de Salud P\u00fablica y Privados del Colegio de Odont\u00f3logos del Chaco, encabezados por su presidente la Dra. Alicia Sol\u00eds y los Dres. Jose Aguilera y Alberto To\u00f1anez continuando con su tarea de exposici\u00f3n de la realidad profesional en la provincia mantuvieron una reuni\u00f3n con la Diputada Paola Ben\u00edtez, ex ministra de salud [&hellip;]<\/p>\n","protected":false},"author":1,"featured_media":16580,"comment_status":"closed","ping_status":"closed","sticky":false,"template":"","format":"standard","meta":{"footnotes":""},"categories":[6],"tags":[],"class_list":{"0":"post-16579","1":"post","2":"type-post","3":"status-publish","4":"format-standard","5":"has-post-thumbnail","7":"category-chaco"},"_links":{"self":[{"href":"https:\/\/chacosintesis.com.ar\/index.php\/wp-json\/wp\/v2\/posts\/16579","targetHints":{"allow":["GET"]}}],"collection":[{"href":"https:\/\/chacosintesis.com.ar\/index.php\/wp-json\/wp\/v2\/posts"}],"about":[{"href":"https:\/\/chacosintesis.com.ar\/index.php\/wp-json\/wp\/v2\/types\/post"}],"author":[{"embeddable":true,"href":"https:\/\/chacosintesis.com.ar\/index.php\/wp-json\/wp\/v2\/users\/1"}],"replies":[{"embeddable":true,"href":"https:\/\/chacosintesis.com.ar\/index.php\/wp-json\/wp\/v2\/comments?post=16579"}],"version-history":[{"count":0,"href":"https:\/\/chacosintesis.com.ar\/index.php\/wp-json\/wp\/v2\/posts\/16579\/revisions"}],"wp:featuredmedia":[{"embeddable":true,"href":"https:\/\/chacosintesis.com.ar\/index.php\/wp-json\/wp\/v2\/media\/16580"}],"wp:attachment":[{"href":"https:\/\/chacosintesis.com.ar\/index.php\/wp-json\/wp\/v2\/media?parent=16579"}],"wp:term":[{"taxonomy":"category","embeddable":true,"href":"https:\/\/chacosintesis.com.ar\/index.php\/wp-json\/wp\/v2\/categories?post=16579"},{"taxonomy":"post_tag","embeddable":true,"href":"https:\/\/chacosintesis.com.ar\/index.php\/wp-json\/wp\/v2\/tags?post=16579"}],"curies":[{"name":"wp","href":"https:\/\/api.w.org\/{rel}","templated":true}]}}