{"id":16572,"date":"2022-07-28T11:08:29","date_gmt":"2022-07-28T14:08:29","guid":{"rendered":"https:\/\/chacosintesis.com.ar\/?p=16572"},"modified":"2022-07-28T11:36:46","modified_gmt":"2022-07-28T14:36:46","slug":"el-poder-legislativo-reconocio-a-el-chaqueno-palavecino-en-la-cabalgata-de-la-fe","status":"publish","type":"post","link":"https:\/\/chacosintesis.com.ar\/index.php\/el-poder-legislativo-reconocio-a-el-chaqueno-palavecino-en-la-cabalgata-de-la-fe\/","title":{"rendered":"El Poder Legislativo reconoci\u00f3 a El Chaque\u00f1o Palavecino en la Cabalgata de la Fe"},"content":{"rendered":"<p>Junto a m\u00e1s de 15 mil jinetes y 70 mil feligreses que arribaron al santuario de San Pantale\u00f3n en Pampa del Indio, el Poder Legislativo del Chaco particip\u00f3 de la 25a edici\u00f3n de la Cabalgata de la Fe con un reconocimiento a El Chaque\u00f1o Palavecino por su invaluable y desinteresada colaboraci\u00f3n para desarrollar, a\u00f1o tras a\u00f1o, esta gran fiesta popular. La presidenta Elida Cuesta, junto a los diputados Zulma Galeano, Livio Guti\u00e9rrez, Sebasti\u00e1n Lazarini, Gustavo Corradi y Carim Peche, entreg\u00f3 una placa protocolar al reconocido artista.<br \/>\n Cuesta expres\u00f3 que luego de dos a\u00f1os de pandemia es muy importante compartir, junto a las y los chaque\u00f1os, esta celebraci\u00f3n de fe y esperanza que tanta falta hace en estos tiempos dif\u00edciles. \u201cEs un momento muy emotivo, es la primera vez que participo, pero me voy muy reconfortada por la gran participaci\u00f3n de la gente\u201d, explic\u00f3 la legisladora.<br \/>\n Adem\u00e1s, asegur\u00f3 que es muy importante renovar la fe y la esperanza, pero tambi\u00e9n caminar junto a los distintos sectores para salir adelante luego de dos a\u00f1os complicados. \u201cQueremos estar donde est\u00e1 la gente y por eso participamos de esta gran fiesta que cumple 25 a\u00f1os y tambi\u00e9n reconocemos a El Chaque\u00f1o, por su desinteresada colaboraci\u00f3n desde los inicios de esta cabalgata\u201d, expres\u00f3 la titular legislativa.<\/p>\n<p>\u201cHay que pedirle a Dios y encomendarnos a \u00e9l, as\u00ed como tambi\u00e9n pedir por nuestros dirigentes, para que tengan la sabidur\u00eda y la tranquilidad para llevar adelante los destinos de nuestro pa\u00eds por medio de un trabajo conjunto, sin importar las bander\u00edas pol\u00edticas\u201d, agreg\u00f3 Cuesta.<\/p>\n<p>Peche asegur\u00f3 por su parte que este reconocimiento a El Chaque\u00f1o Palavecino es m\u00e1s que merecido, por su gran colaboraci\u00f3n desde hace m\u00e1s de 24 a\u00f1os en esta Cabalgata de la Fe. \u201cEsta manifestaci\u00f3n de fe a San Pantale\u00f3n es la m\u00e1s grande de la Argentina, por lo que las y los legisladores tenemos la obligaci\u00f3n de estar junto a nuestro pueblo\u201d, asever\u00f3.<\/p>\n<p>Por otra parte, Guti\u00e9rrez destac\u00f3 esta gran fiesta popular que hermana a todas y todos los chaque\u00f1os, sin distinci\u00f3n de partidos pol\u00edticos, y con una multitudinaria participaci\u00f3n de feligreses. \u201cHace muchos a\u00f1os que venimos, y cada vez hay m\u00e1s gente, m\u00e1s jinetes que hacen crecer a\u00f1o a a\u00f1o esta gran fiesta de la fe\u201d, agreg\u00f3.<\/p>\n<p>Por \u00faltimo, Galeano expres\u00f3 su felicidad por acompa\u00f1ar al pueblo en esta nueva edici\u00f3n de la Cabalgata de la Fe, que no es m\u00e1s que una muestra de sacrificio y amor al pr\u00f3jimo. \u201cEsta es una fiesta popular y religiosa que las y los chaque\u00f1os han incorporado a su vida cotidiana, por lo que nosotros, como diputadas y diputados, estamos a la par de ellos acompa\u00f1\u00e1ndolos\u201d, concluy\u00f3 la diputada.otros como diputados estamos a la par de ellos acompa\u00f1\u00e1ndolos\u201d, concluy\u00f3.<\/p>\n","protected":false},"excerpt":{"rendered":"<p>Junto a m\u00e1s de 15 mil jinetes y 70 mil feligreses que arribaron al santuario de San Pantale\u00f3n en Pampa del Indio, el Poder Legislativo del Chaco particip\u00f3 de la 25a edici\u00f3n de la Cabalgata de la Fe con un reconocimiento a El Chaque\u00f1o Palavecino por su invaluable y desinteresada colaboraci\u00f3n para desarrollar, a\u00f1o tras [&hellip;]<\/p>\n","protected":false},"author":1,"featured_media":16573,"comment_status":"closed","ping_status":"closed","sticky":false,"template":"","format":"standard","meta":{"footnotes":""},"categories":[6],"tags":[],"class_list":{"0":"post-16572","1":"post","2":"type-post","3":"status-publish","4":"format-standard","5":"has-post-thumbnail","7":"category-chaco"},"_links":{"self":[{"href":"https:\/\/chacosintesis.com.ar\/index.php\/wp-json\/wp\/v2\/posts\/16572","targetHints":{"allow":["GET"]}}],"collection":[{"href":"https:\/\/chacosintesis.com.ar\/index.php\/wp-json\/wp\/v2\/posts"}],"about":[{"href":"https:\/\/chacosintesis.com.ar\/index.php\/wp-json\/wp\/v2\/types\/post"}],"author":[{"embeddable":true,"href":"https:\/\/chacosintesis.com.ar\/index.php\/wp-json\/wp\/v2\/users\/1"}],"replies":[{"embeddable":true,"href":"https:\/\/chacosintesis.com.ar\/index.php\/wp-json\/wp\/v2\/comments?post=16572"}],"version-history":[{"count":0,"href":"https:\/\/chacosintesis.com.ar\/index.php\/wp-json\/wp\/v2\/posts\/16572\/revisions"}],"wp:featuredmedia":[{"embeddable":true,"href":"https:\/\/chacosintesis.com.ar\/index.php\/wp-json\/wp\/v2\/media\/16573"}],"wp:attachment":[{"href":"https:\/\/chacosintesis.com.ar\/index.php\/wp-json\/wp\/v2\/media?parent=16572"}],"wp:term":[{"taxonomy":"category","embeddable":true,"href":"https:\/\/chacosintesis.com.ar\/index.php\/wp-json\/wp\/v2\/categories?post=16572"},{"taxonomy":"post_tag","embeddable":true,"href":"https:\/\/chacosintesis.com.ar\/index.php\/wp-json\/wp\/v2\/tags?post=16572"}],"curies":[{"name":"wp","href":"https:\/\/api.w.org\/{rel}","templated":true}]}}