{"id":16558,"date":"2022-07-27T21:31:55","date_gmt":"2022-07-28T00:31:55","guid":{"rendered":"https:\/\/chacosintesis.com.ar\/?p=16558"},"modified":"2022-07-27T21:36:48","modified_gmt":"2022-07-28T00:36:48","slug":"mas-de-100-000-personas-en-el-cierre-de-la-25-edicion-de-la-cabalgata-de-la-fe","status":"publish","type":"post","link":"https:\/\/chacosintesis.com.ar\/index.php\/mas-de-100-000-personas-en-el-cierre-de-la-25-edicion-de-la-cabalgata-de-la-fe\/","title":{"rendered":"M\u00e1s de 100.000 personas en el cierre de la 25\u00b0 edici\u00f3n de la Cabalgata de la fe"},"content":{"rendered":"<p>Con la participaci\u00f3n de m\u00e1s de 15.000 jinetes y m\u00e1s de 100.000 personas  que colmaron las instalaciones del Parque Provincial de Pampa del Indio, finaliz\u00f3 la 25\u00b0 edici\u00f3n de la Cabalgata de la Fe con la celebraci\u00f3n de la misa oficiada por el sacerdote H\u00e9ctor Maldonado. Terminado el oficio religioso, los peregrinos disfrutaron del espect\u00e1culo folcl\u00f3rico ofrecido por el Chaque\u00f1o Palavecino.<br \/>\nEl ex gobernador de la provincia y fundador de la Cabalgata de la F\u00e9, Angel Rozas, expres\u00f3 su satisfacci\u00f3n por las jornadas vividas: \u201cEs muy reconfortante poder compartir esta expresi\u00f3n religiosa, cultural y popular con fieles del Chaco, de otras provincias y pa\u00edses vecinos, a lo largo de todos estos a\u00f1os ha quedado demostrado que esta manifestaci\u00f3n de f\u00e9 es patrimonio de todos los chaque\u00f1os sin distinciones, son dos d\u00edas en los que se vive la tradici\u00f3n del hombre de campo, el amor a la tierra y la fe en el Dios de cada uno, esa fue mi motivaci\u00f3n cuando, siendo gobernador del Chaco, impuls\u00e9 la Cabalgata, hoy es una de las fiestas populares m\u00e1s importantes de la regi\u00f3n y el pa\u00eds, podemos decir que el sue\u00f1o inicial esta cumplido\u201d<br \/>\n\u201cEste a\u00f1o es muy especial porque luego de haber estado suspendida durante dos a\u00f1os por la pandemia celebramos la Cabalgata n\u00famero 25, pero  tambi\u00e9n porque nos permiti\u00f3 acompa\u00f1ar espiritualmente a los familiares de quienes ya no est\u00e1n entre nosotros como consecuencia del Covid-19\u201d.<br \/>\nFabriciano Sigampa<br \/>\nTambi\u00e9n  record\u00f3 a Monse\u00f1or Fabriciano Sigampa, Obispo Em\u00e9rito de Resistencia fallecido el a\u00f1o pasado \u201cFue el primer obispo en ser parte de la Cabalgata,  desde un primer momento comprendi\u00f3 el motivo de su creaci\u00f3n y desde ese lugar contribuy\u00f3 a desdibujar cualquier otra finalidad que le quisieran atribuir, por eso hoy descubrimos una placa en su memoria con una frase que utiliz\u00f3 en una de sus homil\u00edas \u201cLa cabalgata es movida por el esp\u00edritu de Dios, por eso se mantiene y mientras haya fieles a \u00e9l, la cabalgata va a continuar, fue creada con un fin noble\u201d<\/p>\n","protected":false},"excerpt":{"rendered":"<p>Con la participaci\u00f3n de m\u00e1s de 15.000 jinetes y m\u00e1s de 100.000 personas que colmaron las instalaciones del Parque Provincial de Pampa del Indio, finaliz\u00f3 la 25\u00b0 edici\u00f3n de la Cabalgata de la Fe con la celebraci\u00f3n de la misa oficiada por el sacerdote H\u00e9ctor Maldonado. Terminado el oficio religioso, los peregrinos disfrutaron del espect\u00e1culo [&hellip;]<\/p>\n","protected":false},"author":1,"featured_media":16559,"comment_status":"closed","ping_status":"closed","sticky":false,"template":"","format":"standard","meta":{"footnotes":""},"categories":[6],"tags":[],"class_list":{"0":"post-16558","1":"post","2":"type-post","3":"status-publish","4":"format-standard","5":"has-post-thumbnail","7":"category-chaco"},"_links":{"self":[{"href":"https:\/\/chacosintesis.com.ar\/index.php\/wp-json\/wp\/v2\/posts\/16558","targetHints":{"allow":["GET"]}}],"collection":[{"href":"https:\/\/chacosintesis.com.ar\/index.php\/wp-json\/wp\/v2\/posts"}],"about":[{"href":"https:\/\/chacosintesis.com.ar\/index.php\/wp-json\/wp\/v2\/types\/post"}],"author":[{"embeddable":true,"href":"https:\/\/chacosintesis.com.ar\/index.php\/wp-json\/wp\/v2\/users\/1"}],"replies":[{"embeddable":true,"href":"https:\/\/chacosintesis.com.ar\/index.php\/wp-json\/wp\/v2\/comments?post=16558"}],"version-history":[{"count":0,"href":"https:\/\/chacosintesis.com.ar\/index.php\/wp-json\/wp\/v2\/posts\/16558\/revisions"}],"wp:featuredmedia":[{"embeddable":true,"href":"https:\/\/chacosintesis.com.ar\/index.php\/wp-json\/wp\/v2\/media\/16559"}],"wp:attachment":[{"href":"https:\/\/chacosintesis.com.ar\/index.php\/wp-json\/wp\/v2\/media?parent=16558"}],"wp:term":[{"taxonomy":"category","embeddable":true,"href":"https:\/\/chacosintesis.com.ar\/index.php\/wp-json\/wp\/v2\/categories?post=16558"},{"taxonomy":"post_tag","embeddable":true,"href":"https:\/\/chacosintesis.com.ar\/index.php\/wp-json\/wp\/v2\/tags?post=16558"}],"curies":[{"name":"wp","href":"https:\/\/api.w.org\/{rel}","templated":true}]}}