{"id":16540,"date":"2022-07-26T21:03:06","date_gmt":"2022-07-27T00:03:06","guid":{"rendered":"https:\/\/chacosintesis.com.ar\/?p=16540"},"modified":"2022-07-26T21:07:05","modified_gmt":"2022-07-27T00:07:05","slug":"cabalgata-de-la-fe-con-gran-concurrencia-de-jinetes-y-peregrinos-de-desarrolla-la-25-edicion","status":"publish","type":"post","link":"https:\/\/chacosintesis.com.ar\/index.php\/cabalgata-de-la-fe-con-gran-concurrencia-de-jinetes-y-peregrinos-de-desarrolla-la-25-edicion\/","title":{"rendered":"Cabalgata de la fe: con gran concurrencia de jinetes y peregrinos de desarrolla la 25\u00b0 edici\u00f3n"},"content":{"rendered":"<p>Luego de la bendici\u00f3n  a cargo de los p\u00e1rrocos locales, y con la participaci\u00f3n de miles de jinetes y peregrinos, comenz\u00f3 este martes la 25\u00b0 edici\u00f3n de la Cabalgata de la Fe en homenaje a la Virgen Mar\u00eda patrona del Chaco, y a San Pantale\u00f3n patrono de los enfermos.  Como cada a\u00f1o, el ex gobernador de la provincia, Angel Rozas,  fue invitado a participar por las asociaciones gauchas y tradicionalistas en su car\u00e1cter de fundador de la muestra de fe.<br \/>\nRozas: \u201cEs una cabalgata muy especial\u201d<br \/>\nMomentos antes de emprender la marcha, y en declaraciones a los medios de prensa que se dieron cita en la Sociedad Rural de Quitilipi, Rozas remarc\u00f3 la importancia de la peregrinaci\u00f3n \u201cLuego de haber estado suspendida dos a\u00f1os por la pandemia esta es una cabalgata muy especial, es la edici\u00f3n n\u00famero 25, pasaron 27 a\u00f1os desde que iniciamos este muestra de f\u00e9 en el a\u00f1o 1996 cuando, siendo gobernador de la provincia, ten\u00eda el sue\u00f1o de darle al Chaco y los chaque\u00f1os una fiesta popular, religiosa y cultural como existe en otros lugares del pa\u00eds, gracias a Dios  y al esfuerzo y trabajo de muchos, estoy muy feliz de ver cumplido ese anhelo,  la Cabalgata de la F\u00e9 se ha transformado en una de las expresiones populares m\u00e1s importantes de la regi\u00f3n y el pa\u00eds\u201d<br \/>\n\u201cTambi\u00e9n es especial porque estaremos recordando a tantos chaque\u00f1os que hoy no est\u00e1n como consecuencia del COVID-19, acompa\u00f1ar espiritualmente a sus familias y pedir a san Pantale\u00f3n y la Virgen Mar\u00eda salud, paz, trabajo, uni\u00f3n y esperanza para el Chaco y la argentina\u201d<br \/>\nRecorrido<br \/>\nEste martes 26 y mi\u00e9rcoles 27 jinetes y peregrinos recorrer\u00e1n por ruta provincial N\u00b0 4 los 75 kil\u00f3metro entre Quitilipi y el Parque provincial Pampa del Indio. La primera parada ser\u00e1 en el kil\u00f3metro 25 para almorzar y luego seguir hasta el Paraje el 50 donde pernoctar\u00e1n. All\u00ed participar\u00e1n de la misa de acci\u00f3n de gracias por la primera jornada  para luego  disfrutar de espect\u00e1culos folcl\u00f3ricos.<br \/>\nEl mi\u00e9rcoles 27 partir\u00e1n hacia el Parque Provincial Pampa del Indio donde a las 11 se oficiar\u00e1 la misa central y luego el cierre de la peregrinaci\u00f3n con la presentaci\u00f3n del Chaque\u00f1o Palavecino.<\/p>\n","protected":false},"excerpt":{"rendered":"<p>Luego de la bendici\u00f3n a cargo de los p\u00e1rrocos locales, y con la participaci\u00f3n de miles de jinetes y peregrinos, comenz\u00f3 este martes la 25\u00b0 edici\u00f3n de la Cabalgata de la Fe en homenaje a la Virgen Mar\u00eda patrona del Chaco, y a San Pantale\u00f3n patrono de los enfermos. Como cada a\u00f1o, el ex gobernador [&hellip;]<\/p>\n","protected":false},"author":1,"featured_media":16541,"comment_status":"closed","ping_status":"closed","sticky":false,"template":"","format":"standard","meta":{"footnotes":""},"categories":[6],"tags":[],"class_list":{"0":"post-16540","1":"post","2":"type-post","3":"status-publish","4":"format-standard","5":"has-post-thumbnail","7":"category-chaco"},"_links":{"self":[{"href":"https:\/\/chacosintesis.com.ar\/index.php\/wp-json\/wp\/v2\/posts\/16540","targetHints":{"allow":["GET"]}}],"collection":[{"href":"https:\/\/chacosintesis.com.ar\/index.php\/wp-json\/wp\/v2\/posts"}],"about":[{"href":"https:\/\/chacosintesis.com.ar\/index.php\/wp-json\/wp\/v2\/types\/post"}],"author":[{"embeddable":true,"href":"https:\/\/chacosintesis.com.ar\/index.php\/wp-json\/wp\/v2\/users\/1"}],"replies":[{"embeddable":true,"href":"https:\/\/chacosintesis.com.ar\/index.php\/wp-json\/wp\/v2\/comments?post=16540"}],"version-history":[{"count":0,"href":"https:\/\/chacosintesis.com.ar\/index.php\/wp-json\/wp\/v2\/posts\/16540\/revisions"}],"wp:featuredmedia":[{"embeddable":true,"href":"https:\/\/chacosintesis.com.ar\/index.php\/wp-json\/wp\/v2\/media\/16541"}],"wp:attachment":[{"href":"https:\/\/chacosintesis.com.ar\/index.php\/wp-json\/wp\/v2\/media?parent=16540"}],"wp:term":[{"taxonomy":"category","embeddable":true,"href":"https:\/\/chacosintesis.com.ar\/index.php\/wp-json\/wp\/v2\/categories?post=16540"},{"taxonomy":"post_tag","embeddable":true,"href":"https:\/\/chacosintesis.com.ar\/index.php\/wp-json\/wp\/v2\/tags?post=16540"}],"curies":[{"name":"wp","href":"https:\/\/api.w.org\/{rel}","templated":true}]}}