{"id":16538,"date":"2022-07-26T21:01:00","date_gmt":"2022-07-27T00:01:00","guid":{"rendered":"https:\/\/chacosintesis.com.ar\/?p=16538"},"modified":"2022-07-26T21:07:04","modified_gmt":"2022-07-27T00:07:04","slug":"capitanich-adelanto-licitacion-de-obras-estrategicas-para-el-area-metropolitana-y-saenz-pena","status":"publish","type":"post","link":"https:\/\/chacosintesis.com.ar\/index.php\/capitanich-adelanto-licitacion-de-obras-estrategicas-para-el-area-metropolitana-y-saenz-pena\/","title":{"rendered":"Capitanich adelant\u00f3 licitaci\u00f3n de obras estrat\u00e9gicas para el \u00e1rea metropolitana y S\u00e1enz Pe\u00f1a"},"content":{"rendered":"<p>En el desarrollo de su agenda en la Ciudad Aut\u00f3noma de Buenos Aires, el gobernador Jorge Capitanich se reuni\u00f3 con el secretario de Obras P\u00fablicas de Naci\u00f3n, Carlos Rodr\u00edguez. Tras el encuentro y a trav\u00e9s de sus redes sociales, el mandatario provincial adelant\u00f3 la licitaci\u00f3n de nuevas etapas de los desag\u00fces pluviales de Resistencia y anunci\u00f3 el proceso licitatorio para la pavimentaci\u00f3n e intervenci\u00f3n en las avenidas Edison y 9 de Julio en la capital provincial; como as\u00ed tambi\u00e9n m\u00e1s obras para el barrio San Pedro Pescador, Fontana y S\u00e1enz Pe\u00f1a.<br \/>\nJunto al funcionario nacional, avanzaron en la licitaci\u00f3n de las etapas dos y tres de la obra de desag\u00fces pluviales de Resistencia. \u201cEsta obra est\u00e1 en marcha en la etapa inicial, y junto a otras obras adicionales que se licitar\u00e1n durante esta semana, se lograr\u00e1 un saneamiento integral del macro centro de la ciudad. Implicar\u00e1 2300 millones de pesos de inversi\u00f3n con un alto impacto social y ambiental\u201d, detall\u00f3 Capitanich.<br \/>\nA su vez, coment\u00f3 que se estima -con financiamiento de la CAF-, en el transcurso de la semana se ejecutar\u00e1 la licitaci\u00f3n de la pavimentaci\u00f3n de la Avenida Edison tramo Barranqueras con Resistencia. \u201cY durante la primera quincena de agosto la repavimentaci\u00f3n y adecuaci\u00f3n hidr\u00e1ulica de la Avenida 9 de julio\u201d, agreg\u00f3 el gobernador del Chaco.<br \/>\n\u201cJunto a estas obras se licitar\u00e1 la parte complementaria del barrio Pedro Pescador, que incluye un paseo costero peatonal y otras obras viales en Fontana y S\u00e1enz Pe\u00f1a. Seguimos trabajando en obras que transforman para siempre la calidad de vida de nuestras comunidades\u201d, concluy\u00f3 Capitanich.<\/p>\n","protected":false},"excerpt":{"rendered":"<p>En el desarrollo de su agenda en la Ciudad Aut\u00f3noma de Buenos Aires, el gobernador Jorge Capitanich se reuni\u00f3 con el secretario de Obras P\u00fablicas de Naci\u00f3n, Carlos Rodr\u00edguez. Tras el encuentro y a trav\u00e9s de sus redes sociales, el mandatario provincial adelant\u00f3 la licitaci\u00f3n de nuevas etapas de los desag\u00fces pluviales de Resistencia y [&hellip;]<\/p>\n","protected":false},"author":1,"featured_media":16539,"comment_status":"closed","ping_status":"closed","sticky":false,"template":"","format":"standard","meta":{"footnotes":""},"categories":[6],"tags":[],"class_list":{"0":"post-16538","1":"post","2":"type-post","3":"status-publish","4":"format-standard","5":"has-post-thumbnail","7":"category-chaco"},"_links":{"self":[{"href":"https:\/\/chacosintesis.com.ar\/index.php\/wp-json\/wp\/v2\/posts\/16538","targetHints":{"allow":["GET"]}}],"collection":[{"href":"https:\/\/chacosintesis.com.ar\/index.php\/wp-json\/wp\/v2\/posts"}],"about":[{"href":"https:\/\/chacosintesis.com.ar\/index.php\/wp-json\/wp\/v2\/types\/post"}],"author":[{"embeddable":true,"href":"https:\/\/chacosintesis.com.ar\/index.php\/wp-json\/wp\/v2\/users\/1"}],"replies":[{"embeddable":true,"href":"https:\/\/chacosintesis.com.ar\/index.php\/wp-json\/wp\/v2\/comments?post=16538"}],"version-history":[{"count":0,"href":"https:\/\/chacosintesis.com.ar\/index.php\/wp-json\/wp\/v2\/posts\/16538\/revisions"}],"wp:featuredmedia":[{"embeddable":true,"href":"https:\/\/chacosintesis.com.ar\/index.php\/wp-json\/wp\/v2\/media\/16539"}],"wp:attachment":[{"href":"https:\/\/chacosintesis.com.ar\/index.php\/wp-json\/wp\/v2\/media?parent=16538"}],"wp:term":[{"taxonomy":"category","embeddable":true,"href":"https:\/\/chacosintesis.com.ar\/index.php\/wp-json\/wp\/v2\/categories?post=16538"},{"taxonomy":"post_tag","embeddable":true,"href":"https:\/\/chacosintesis.com.ar\/index.php\/wp-json\/wp\/v2\/tags?post=16538"}],"curies":[{"name":"wp","href":"https:\/\/api.w.org\/{rel}","templated":true}]}}