{"id":16525,"date":"2022-07-25T22:41:33","date_gmt":"2022-07-26T01:41:33","guid":{"rendered":"https:\/\/chacosintesis.com.ar\/?p=16525"},"modified":"2022-07-25T23:06:54","modified_gmt":"2022-07-26T02:06:54","slug":"el-frente-de-todos-chaco-repudia-acciones-sistematicas-de-desestabilizacion-y-ratifica-compromiso-democratico","status":"publish","type":"post","link":"https:\/\/chacosintesis.com.ar\/index.php\/el-frente-de-todos-chaco-repudia-acciones-sistematicas-de-desestabilizacion-y-ratifica-compromiso-democratico\/","title":{"rendered":"El Frente de Todos Chaco repudia \u201cacciones sistem\u00e1ticas de desestabilizaci\u00f3n\u201d y ratifica compromiso democr\u00e1tico"},"content":{"rendered":"<p>Con una cincuentena de firmas de partidos, movimientos y agrupaciones, el Frente de Todos Chaco emiti\u00f3 un documento en que manifest\u00f3 la preocupaci\u00f3n ante la \u201ccreciente oleada de acciones sistem\u00e1ticas de desestabilizaci\u00f3n pol\u00edtica, econ\u00f3mica y social, y el aumento de expresiones antidemocr\u00e1ticas\u201d; al tiempo que ratific\u00f3 su compromiso \u201cen la construcci\u00f3n de una sociedad profundamente democr\u00e1tica\u201d. A su vez, repudi\u00f3 \u201cen\u00e9rgicamente\u201d las expresiones que \u201ctienden a derruir las formas institucionales que nos fortalecen como Estado y como sociedad\u201d.<br \/>\nEste es el documento completo:<br \/>\n\u201cLa especulaci\u00f3n financiera de grandes grupos econ\u00f3micos vinculados al sector agropecuario, las presiones de grupos financieros bajo la forma de corridas cambiarias, las manifestaciones golpistas de personajes vinculados a levantamientos militares, la persecuci\u00f3n a movimientos sociales, instituciones y partidos pol\u00edticos vinculados al Frente de Todos, forman parte de una sola estrategia programada que tiene como objetivo debilitar al Gobierno nacional para imponer una agenda basada en el ajuste y la exclusi\u00f3n, con un profundo sesgo anti distributivo.<br \/>\nEn ese contexto, resulta necesario apuntar al rol de un sector de la justicia, identificado por la actual vicepresidenta como \u201cpartido judicial\u201d y que forma parte de esta estrategia, representando intereses ajenos a los del bien com\u00fan y vali\u00e9ndose de m\u00e9todos de persecuci\u00f3n pol\u00edtica como el Lawfare contra dirigentes y funcionarios del Frente de Todos, mientras simult\u00e1neamente garantizan la impunidad al ex presidente Mauricio Macri y a dirigentes y ex funcionarios de Cambiemos.<br \/>\nLa actual crisis econ\u00f3mica y su car\u00e1cter indivisible de la pol\u00edtica no justifican de manera alguna la presi\u00f3n y las manifestaciones contrarias al orden constitucional y que lesionan los valores constitutivos de la democracia pluralista: la apertura al di\u00e1logo, el intercambio de ideas en el \u00e1mbito p\u00fablico, y la definici\u00f3n de un rumbo pol\u00edtico que garantice derechos de las grandes mayor\u00edas.<br \/>\nEn Argentina, y a\u00fan con dificultades hist\u00f3ricas, en pocos meses se conmemorar\u00e1n m\u00e1s de 40 a\u00f1os de continuidad democr\u00e1tica, experiencia que refuerza que el di\u00e1logo y la construcci\u00f3n social son el \u00fanico camino posible para la resoluci\u00f3n de los conflictos sociales y econ\u00f3micos que nos aquejan.<br \/>\nEn Chaco, como en otras provincias, se constituyen a trav\u00e9s del Frente de Todos, diversas expresiones pac\u00edficas y democr\u00e1ticas que tienden a mejorar nuestro sistema de gobierno y representaci\u00f3n en el marco de las instituciones y la Constituci\u00f3n, tanto provincial como nacional.<br \/>\nEs por ello que desde el Frente de Todos ratificamos la importancia de la construcci\u00f3n de unidad en la diversidad, que implica escuchar y ser escuchados evitando la violencia y construyendo entre todos y todas las opciones y las pol\u00edticas que necesitamos para la felicidad de nuestra Patria, considerando fundamentalmente que los intereses corporativos son antipopulares en tanto y cuanto destruyen la confianza popular y la econom\u00eda de nuestra sociedad. Y que el \u00fanico inter\u00e9s del pueblo y del Gobierno al que este representa es la generaci\u00f3n de trabajo y el esfuerzo para la grandeza de nuestra naci\u00f3n.<br \/>\nPor ello, quienes siempre estuvimos del lado de la democracia y la rep\u00fablica, repudiamos todas las maniobras y expresiones de neto corte golpista que configuran acciones sistem\u00e1ticas de desestabilizaci\u00f3n pol\u00edtica y econ\u00f3mica y convocamos a todas las fuerzas pol\u00edticas y sociales, y a cada ciudadano y ciudadana a unirse en la defensa de una sociedad profundamente democr\u00e1tica, inclusiva y con derechos para todos y todas\u201d.<br \/>\nLos firmantes<br \/>\nPartido Justicialista; Partido Adelante Chaco; Partido Causa Reparadora; Partido Chaque\u00f1o para la Unidad; Partido Compromiso Federal; Partido Comunista; Partido Corriente de Pensamiento Bonaerense; Partido de la Cultura, la Educaci\u00f3n y el Trabajo; Partido del Trabajo y de la Equidad; Partido del Trabajo y del Pueblo; Partido Dem\u00f3crata; Partido Di\u00e1logo Abierto por el Reencuentro; Partido Forja; Partido Frente Grande; Partido Frente para el Cambio; Partido Frente Transversal Chaco; Partido Igualar; Partido Kolina; Partido Martin Fierro; Partido Movimiento de Bases; Partido Nuevo Espacio de participaci\u00f3n; Partido de la Victoria; Partido Participaci\u00f3n Ciudadana; Partido Proyecto Popular; Partido Socialista; Partido Socialistas Unidos por el Chaco; Partido Equidad Social; Partido Uni\u00f3n por Todos; Partido Compromiso Chaque\u00f1o; Agrupaci\u00f3n Unidos y Organizados; Movimiento Evita; Agrupaci\u00f3n La Nunca Menos; Partido Vanguardia Socialista; Agrupaci\u00f3n Colectivo Nacional; La C\u00e1mpora; Agrupaci\u00f3n Avance; Agrupaci\u00f3n Espacio Peronismo Popular; Frente Barrio 19 de Diciembre; Agrupaci\u00f3n J\u00f3venes con Nestor; Agrupaci\u00f3n Juventud Peronista del Interior; Agrupaci\u00f3n Los Irrompibles; Agrupaci\u00f3n Mujeres Peronistas con Cristina; Agrupaci\u00f3n Peronismo Militante; Agrupaci\u00f3n Red Concejalas FAM; Unidad B\u00e1sica Peronismo del Bicentenario; Agrupaci\u00f3n Corriente Agraria Nacional y Popular; Movimiento Nuestra Am\u00e9rica; Partido Solidario; Sindicato de Camioneros; Federaci\u00f3n de Villas y Barrios Carenciados; Agrupaci\u00f3n Descamisados.<\/p>\n","protected":false},"excerpt":{"rendered":"<p>Con una cincuentena de firmas de partidos, movimientos y agrupaciones, el Frente de Todos Chaco emiti\u00f3 un documento en que manifest\u00f3 la preocupaci\u00f3n ante la \u201ccreciente oleada de acciones sistem\u00e1ticas de desestabilizaci\u00f3n pol\u00edtica, econ\u00f3mica y social, y el aumento de expresiones antidemocr\u00e1ticas\u201d; al tiempo que ratific\u00f3 su compromiso \u201cen la construcci\u00f3n de una sociedad profundamente [&hellip;]<\/p>\n","protected":false},"author":1,"featured_media":16526,"comment_status":"closed","ping_status":"closed","sticky":false,"template":"","format":"standard","meta":{"footnotes":""},"categories":[6],"tags":[],"class_list":{"0":"post-16525","1":"post","2":"type-post","3":"status-publish","4":"format-standard","5":"has-post-thumbnail","7":"category-chaco"},"_links":{"self":[{"href":"https:\/\/chacosintesis.com.ar\/index.php\/wp-json\/wp\/v2\/posts\/16525","targetHints":{"allow":["GET"]}}],"collection":[{"href":"https:\/\/chacosintesis.com.ar\/index.php\/wp-json\/wp\/v2\/posts"}],"about":[{"href":"https:\/\/chacosintesis.com.ar\/index.php\/wp-json\/wp\/v2\/types\/post"}],"author":[{"embeddable":true,"href":"https:\/\/chacosintesis.com.ar\/index.php\/wp-json\/wp\/v2\/users\/1"}],"replies":[{"embeddable":true,"href":"https:\/\/chacosintesis.com.ar\/index.php\/wp-json\/wp\/v2\/comments?post=16525"}],"version-history":[{"count":0,"href":"https:\/\/chacosintesis.com.ar\/index.php\/wp-json\/wp\/v2\/posts\/16525\/revisions"}],"wp:featuredmedia":[{"embeddable":true,"href":"https:\/\/chacosintesis.com.ar\/index.php\/wp-json\/wp\/v2\/media\/16526"}],"wp:attachment":[{"href":"https:\/\/chacosintesis.com.ar\/index.php\/wp-json\/wp\/v2\/media?parent=16525"}],"wp:term":[{"taxonomy":"category","embeddable":true,"href":"https:\/\/chacosintesis.com.ar\/index.php\/wp-json\/wp\/v2\/categories?post=16525"},{"taxonomy":"post_tag","embeddable":true,"href":"https:\/\/chacosintesis.com.ar\/index.php\/wp-json\/wp\/v2\/tags?post=16525"}],"curies":[{"name":"wp","href":"https:\/\/api.w.org\/{rel}","templated":true}]}}