{"id":16519,"date":"2022-07-25T17:46:29","date_gmt":"2022-07-25T20:46:29","guid":{"rendered":"https:\/\/chacosintesis.com.ar\/?p=16519"},"modified":"2022-07-25T18:06:58","modified_gmt":"2022-07-25T21:06:58","slug":"mas-viviendas-para-familias-de-pampa-del-infierno-estas-obras-garantizan-el-acceso-a-un-techo-digno-y-el-derecho-al-trabajo","status":"publish","type":"post","link":"https:\/\/chacosintesis.com.ar\/index.php\/mas-viviendas-para-familias-de-pampa-del-infierno-estas-obras-garantizan-el-acceso-a-un-techo-digno-y-el-derecho-al-trabajo\/","title":{"rendered":"M\u00e1s viviendas para familias de Pampa del Infierno: \u201cEstas obras garantizan el acceso a un techo digno y el derecho al trabajo\u201d"},"content":{"rendered":"<p>Las obras fueron ejecutadas por el Instituto de Vivienda y requirieron una inversi\u00f3n superior a los $400 millones, monto financiado por los programas nacionales Techo Digno y Reconstruir.<\/p>\n<p>El gobernador Jorge Capitanich entreg\u00f3 este lunes 25, 90 viviendas en Pampa del Infierno junto a la intendenta Glenda Seifert y al presidente del Instituto Provincial de Desarrollo Urbano y la Vivienda (IPDUV), Diego Ar\u00e9valo. \u201cCompartir la felicidad de estas 90 familias tras acceder al derecho a la vivienda propia, es uno de los motivos que m\u00e1s me llenan de orgullo y alegr\u00eda\u201d, expres\u00f3 el mandatario.<br \/>\nCuentan con dos y tres habitaciones, fueron construidas mediante el sistema casaforma e incluy\u00f3 dos viviendas destinadas a personas con discapacidad. \u201cEs una alegr\u00eda ver c\u00f3mo m\u00e1s familias se afianzan y arraigan a su localidad construyendo su identidad a lo largo de la historia. La construcci\u00f3n de viviendas garantizan el acceso a un techo digno y el derecho al trabajo para m\u00e1s familias chaque\u00f1as\u201d, sostuvo el gobernador.<br \/>\nEl paquete de viviendas demand\u00f3 una inversi\u00f3n de $416.280.143, financiado por los programas nacionales Techo Digno y Reconstruir. Este \u00faltimo, cuenta con una inversi\u00f3n de $110 mil millones destinada a finalizar la construcci\u00f3n de las 55 mil viviendas que, a lo largo de todo el pa\u00eds, fueron paralizadas durante la gesti\u00f3n del ex presidente Mauricio Macri.<br \/>\nLa obra p\u00fablica, no solo hace que las familias accedan al derecho de la casa propia, sino que adem\u00e1s, reactiva la industria de la construcci\u00f3n y reactiva el empleo. Tal es as\u00ed que m\u00e1s de 50 obreros trabajaron en la ejecuci\u00f3n de las 90 viviendas, &#8220;50 obreros que accedieron a un empleo y garantizaron una mejora econ\u00f3mica a sus familias\u201d, se\u00f1al\u00f3 Capitanich. \u201cEn estos cuatro a\u00f1os, a trav\u00e9s de diferentes operatorias a las que se le suma el Procrear, llegaremos a construir 20.000 viviendas, lo que implica un total de 11.500 trabajadores de la industria de la construcci\u00f3n. Y contando nuestros tres per\u00edodos de gobierno llegaremos a 65.000 soluciones habitacionales\u201d, destac\u00f3 el gobernador.<br \/>\nDe la entrega participaron tambi\u00e9n el titular del Instituto Agricultura Familiar y Econom\u00eda Popular (IAFEP), Mauricio Andi\u00f3n; el vocal del IPDUV, Mariano Brahim, y dem\u00e1s funcionarias y funcionarios provinciales y locales.<br \/>\n\u201cUn proyecto que otorga derechos y genera oportunidades\u201d<br \/>\n El titular del IPDUV asever\u00f3 que las 90 viviendas vienen a saldar la deuda que el Estado ten\u00eda con la comunidad. \u201cCuando no existe la posibilidad de un financiamiento nacional, como ocurri\u00f3 durante los cuatro a\u00f1os de la gesti\u00f3n de Macri, las obras que m\u00e1s necesitan las y los argentinos desaparecen. Esos cuatro a\u00f1os hicieron mucho da\u00f1o\u201d, record\u00f3 Ar\u00e9valo. En este sentido, asegur\u00f3 que esa realidad cambi\u00f3 y que hoy el IPDUV se encuentra finalizando 2.500 viviendas que estaban paralizadas, las que se le suman 5.400 viviendas en toda la provincia.<br \/>\n\u201cEsto forma parte de un proyecto pol\u00edtico que sigue otorgando derechos y generando nuevas oportunidades. No s\u00f3lo garantiza un techo, sino que posibilita el arraigo de las familias a sus localidades. Se trata de gobiernos que, trabajando articuladamente con los municipios, garantizan obras esenciales para el desarrollo de las comunidades\u201d, asegur\u00f3 el titular del Instituto de Vivienda.<br \/>\nPor su parte, la intendenta Seifert agradeci\u00f3 al gobernador \u201cpor haber escuchado nuestro  requerimiento para reactivar estas viviendas y garantizar el acceso a una vivienda digna para 90 familias\u201d. Destac\u00f3 adem\u00e1s que las casas fueron construidas con mano de obra local garantizando as\u00ed fuentes de trabajo en la localidad. \u201cEsto forma parte de una reparaci\u00f3n hist\u00f3rica para Pampa del Infierno; quiero agradecer al gobierno nacional y provincial por el enorme esfuerzo para cumplir el sue\u00f1o de tanta gente\u201d, enfatiz\u00f3.<\/p>\n","protected":false},"excerpt":{"rendered":"<p>Las obras fueron ejecutadas por el Instituto de Vivienda y requirieron una inversi\u00f3n superior a los $400 millones, monto financiado por los programas nacionales Techo Digno y Reconstruir. El gobernador Jorge Capitanich entreg\u00f3 este lunes 25, 90 viviendas en Pampa del Infierno junto a la intendenta Glenda Seifert y al presidente del Instituto Provincial de [&hellip;]<\/p>\n","protected":false},"author":1,"featured_media":16520,"comment_status":"closed","ping_status":"closed","sticky":false,"template":"","format":"standard","meta":{"footnotes":""},"categories":[6],"tags":[],"class_list":{"0":"post-16519","1":"post","2":"type-post","3":"status-publish","4":"format-standard","5":"has-post-thumbnail","7":"category-chaco"},"_links":{"self":[{"href":"https:\/\/chacosintesis.com.ar\/index.php\/wp-json\/wp\/v2\/posts\/16519","targetHints":{"allow":["GET"]}}],"collection":[{"href":"https:\/\/chacosintesis.com.ar\/index.php\/wp-json\/wp\/v2\/posts"}],"about":[{"href":"https:\/\/chacosintesis.com.ar\/index.php\/wp-json\/wp\/v2\/types\/post"}],"author":[{"embeddable":true,"href":"https:\/\/chacosintesis.com.ar\/index.php\/wp-json\/wp\/v2\/users\/1"}],"replies":[{"embeddable":true,"href":"https:\/\/chacosintesis.com.ar\/index.php\/wp-json\/wp\/v2\/comments?post=16519"}],"version-history":[{"count":0,"href":"https:\/\/chacosintesis.com.ar\/index.php\/wp-json\/wp\/v2\/posts\/16519\/revisions"}],"wp:featuredmedia":[{"embeddable":true,"href":"https:\/\/chacosintesis.com.ar\/index.php\/wp-json\/wp\/v2\/media\/16520"}],"wp:attachment":[{"href":"https:\/\/chacosintesis.com.ar\/index.php\/wp-json\/wp\/v2\/media?parent=16519"}],"wp:term":[{"taxonomy":"category","embeddable":true,"href":"https:\/\/chacosintesis.com.ar\/index.php\/wp-json\/wp\/v2\/categories?post=16519"},{"taxonomy":"post_tag","embeddable":true,"href":"https:\/\/chacosintesis.com.ar\/index.php\/wp-json\/wp\/v2\/tags?post=16519"}],"curies":[{"name":"wp","href":"https:\/\/api.w.org\/{rel}","templated":true}]}}