{"id":16515,"date":"2022-07-25T09:17:15","date_gmt":"2022-07-25T12:17:15","guid":{"rendered":"https:\/\/chacosintesis.com.ar\/?p=16515"},"modified":"2022-07-25T09:36:40","modified_gmt":"2022-07-25T12:36:40","slug":"este-martes-26-se-da-inicio-a-la-25-edicion-de-la-cabalgata-de-la-fe","status":"publish","type":"post","link":"https:\/\/chacosintesis.com.ar\/index.php\/este-martes-26-se-da-inicio-a-la-25-edicion-de-la-cabalgata-de-la-fe\/","title":{"rendered":"Este martes 26 se da inicio a la 25\u00b0 edici\u00f3n de la Cabalgata de la fe"},"content":{"rendered":"<p>Luego de haberse suspendido en los a\u00f1os 2020 y 2021 como consecuencia de la pandemia COVID-19,  este martes 26 y mi\u00e9rcoles 27  se realizar\u00e1 la 25\u00b0  edici\u00f3n de la Cabalgata de la Fe  en honor a San Pantale\u00f3n patrono de los enfermos y la Virgen Mar\u00eda patrona del Chaco organizada por asociaciones gauchas y tradicionalistas de la provincia.<\/p>\n<p>La muestra de f\u00e9, que naci\u00f3 en el a\u00f1o 1996 por iniciativa del entonces gobernador Angel Rozas y que  convoca a miles de fieles del Chaco como as\u00ed tambi\u00e9n de provincias y pa\u00edses vecinos, re\u00fane cada a\u00f1o cerca de 15.000 jinetes y 70.000 personas que se dan cita en el Parque Provincial de Pampa del Indio.   El lunes 25 se puede apreciar la llegada de  jinetes de agrupaciones gauchas de distintos puntos del pa\u00eds que son recibidos en el predio de la Sociedad Rural de Quitilipi El predio de la Sociedad Rural de Quitilipi donde se los invita a compartir la cena previa al inicio de la fiesta popular.<\/p>\n<p>Martes 26<br \/>\nEl martes 26 a las 7 de la ma\u00f1ana, luego de la bendici\u00f3n a cargo del p\u00e1rroco local,  est\u00e1 previsto  el comienzo de la Cabalgata. Los jinetes comenzar\u00e1n  a marchar desde la Sociedad Rural de Quitilipi ingresando por la ruta provincial N\u00b0 4 para dirigirse a la primera parada en el paraje Las Cuatro Bocas, ubicado a unos 25 kil\u00f3metros. All\u00ed compartir\u00e1n un almuerzo y luego continuar\u00e1n  hasta el kil\u00f3metro 50 donde  participan de un oficio religioso en acci\u00f3n de gracias por la primera jornada, cena  y espect\u00e1culos folcl\u00f3ricos.<br \/>\nMi\u00e9rcoles 27<br \/>\nEl mi\u00e9rcoles 27  se movilizar\u00e1n hacia el Parque Pampa del Indio arribando cerca del mediod\u00eda para participar de la misa central que se realiza en la  ermita de San Pantale\u00f3n y la Sant\u00edsima Virgen Inmaculada Concepci\u00f3n de Mar\u00eda. Finalizada la misma, peregrinos y jinetes podr\u00e1n disfrutar del cierre del evento con la actuaci\u00f3n del Chaque\u00f1o Palavecino.<\/p>\n","protected":false},"excerpt":{"rendered":"<p>Luego de haberse suspendido en los a\u00f1os 2020 y 2021 como consecuencia de la pandemia COVID-19, este martes 26 y mi\u00e9rcoles 27 se realizar\u00e1 la 25\u00b0 edici\u00f3n de la Cabalgata de la Fe en honor a San Pantale\u00f3n patrono de los enfermos y la Virgen Mar\u00eda patrona del Chaco organizada por asociaciones gauchas y tradicionalistas [&hellip;]<\/p>\n","protected":false},"author":1,"featured_media":16516,"comment_status":"closed","ping_status":"closed","sticky":false,"template":"","format":"standard","meta":{"footnotes":""},"categories":[6],"tags":[],"class_list":{"0":"post-16515","1":"post","2":"type-post","3":"status-publish","4":"format-standard","5":"has-post-thumbnail","7":"category-chaco"},"_links":{"self":[{"href":"https:\/\/chacosintesis.com.ar\/index.php\/wp-json\/wp\/v2\/posts\/16515","targetHints":{"allow":["GET"]}}],"collection":[{"href":"https:\/\/chacosintesis.com.ar\/index.php\/wp-json\/wp\/v2\/posts"}],"about":[{"href":"https:\/\/chacosintesis.com.ar\/index.php\/wp-json\/wp\/v2\/types\/post"}],"author":[{"embeddable":true,"href":"https:\/\/chacosintesis.com.ar\/index.php\/wp-json\/wp\/v2\/users\/1"}],"replies":[{"embeddable":true,"href":"https:\/\/chacosintesis.com.ar\/index.php\/wp-json\/wp\/v2\/comments?post=16515"}],"version-history":[{"count":0,"href":"https:\/\/chacosintesis.com.ar\/index.php\/wp-json\/wp\/v2\/posts\/16515\/revisions"}],"wp:featuredmedia":[{"embeddable":true,"href":"https:\/\/chacosintesis.com.ar\/index.php\/wp-json\/wp\/v2\/media\/16516"}],"wp:attachment":[{"href":"https:\/\/chacosintesis.com.ar\/index.php\/wp-json\/wp\/v2\/media?parent=16515"}],"wp:term":[{"taxonomy":"category","embeddable":true,"href":"https:\/\/chacosintesis.com.ar\/index.php\/wp-json\/wp\/v2\/categories?post=16515"},{"taxonomy":"post_tag","embeddable":true,"href":"https:\/\/chacosintesis.com.ar\/index.php\/wp-json\/wp\/v2\/tags?post=16515"}],"curies":[{"name":"wp","href":"https:\/\/api.w.org\/{rel}","templated":true}]}}