{"id":16497,"date":"2022-07-24T17:59:13","date_gmt":"2022-07-24T20:59:13","guid":{"rendered":"https:\/\/chacosintesis.com.ar\/?p=16497"},"modified":"2022-07-24T18:06:50","modified_gmt":"2022-07-24T21:06:50","slug":"con-aumentos-el-28-y-29-cobran-los-trabajadores-de-la-administracion-publica","status":"publish","type":"post","link":"https:\/\/chacosintesis.com.ar\/index.php\/con-aumentos-el-28-y-29-cobran-los-trabajadores-de-la-administracion-publica\/","title":{"rendered":"Con aumentos, el 28 y 29 cobran los trabajadores de la administraci\u00f3n p\u00fablica"},"content":{"rendered":"<p>Como es habitual, el cronograma se inicia con los pasivos, que tendr\u00e1n disponibles los fondos a partir de las 21 del jueves. Al d\u00eda siguiente, ser\u00e1 el turno de los trabajadores activos. Se concretar\u00e1 un adelanto del 7% de octubre, excepto en las empresas p\u00fablicas; y los docentes recibir\u00e1n los montos correspondientes a la \u201ccl\u00e1usula gatillo\u201d.<\/p>\n<p>El Gobierno provincial record\u00f3 que el jueves 28 y el viernes 29 de julio la Provincia concretar\u00e1 el pago de haberes para los agentes de la administraci\u00f3n p\u00fablica correspondientes al mes de julio, con el aumento anunciado para el \u00e1mbito del Poder Ejecutivo y la \u201ccl\u00e1usula gatillo\u201d para los decentes.<br \/>\nComo es habitual, el cronograma se iniciar\u00e1 con los pasivos, quienes tendr\u00e1n disponibles los recursos a las 21 del jueves, en los cajeros autom\u00e1ticos, mientras que el viernes podr\u00e1n retirarlos por ventanilla. Esa misma jornada, a partir de las 21 podr\u00e1n disponer de los salarios los agentes activos.<br \/>\nEl nuevo aumento salarial ser\u00e1 del 7% y tambi\u00e9n se aplicar\u00e1 a jubilados chaque\u00f1os. Asimismo, las bonificaciones sectoriales que se dieron o se van a dar durante este a\u00f1o se agregan a la pauta general, con un aumento promedio del 5% adicional, este mes ser\u00e1 el turno de las jurisdicciones Salud, Desarrollo Social y Educaci\u00f3n.<br \/>\nEn el acumulado de incrementos, al mes de julio, el aumento promedio de la administraci\u00f3n p\u00fablica ser\u00e1 del 42,5%. Como en el caso docente, \u00e9ste ser\u00e1 el tercer aumento salarial para los empleados estatales.<br \/>\nEn tanto, para el sector docente, el Gobierno provincial aplicar\u00e1 la \u201ccl\u00e1usula gatillo\u201d de acuerdo al porcentaje de inflaci\u00f3n que registra el INDEC cumpliendo con las paritarias realizadas en marzo con los diferentes sindicatos del sector.<br \/>\nSeg\u00fan detall\u00f3 el gobernador, Jorge Capitanich, al momento de hacer el anuncio, en marzo, el aumento hab\u00eda sido del 15% mientras que el FONID (Fondo Nacional de Incentivo Docente) pas\u00f3 a ser de $3.907.<br \/>\nEn mayo, se adelant\u00f3 el aumento del 7% previsto para julio y se a\u00f1adi\u00f3 una suba adicional del 3%, que adem\u00e1s de docentes incluy\u00f3 a toda la Administraci\u00f3n P\u00fablica y al Poder Judicial.<br \/>\nEn esta ocasi\u00f3n, con una inflaci\u00f3n medida por el INDEC del 17%, se toma como base el 10% de recomposici\u00f3n ya otorgado en mayo (en calidad de adelanto) y se completa la diferencia de ese aumento que todav\u00eda no se ha otorgado, es decir, un 7%. Adem\u00e1s, se pagar\u00e1 un adicional por recomposici\u00f3n, de un 5%, cumpliendo con el compromiso realizado en las mesas salariales.<br \/>\nPor lo tanto, la mejora salarial para el sector docente llegar\u00e1 al 22% y el aumento acumulado del semestre ser\u00e1 del 40% (5% por encima de la inflaci\u00f3n del mismo periodo), mientras que el FONID pasar\u00e1 a $4.318.<\/p>\n","protected":false},"excerpt":{"rendered":"<p>Como es habitual, el cronograma se inicia con los pasivos, que tendr\u00e1n disponibles los fondos a partir de las 21 del jueves. Al d\u00eda siguiente, ser\u00e1 el turno de los trabajadores activos. Se concretar\u00e1 un adelanto del 7% de octubre, excepto en las empresas p\u00fablicas; y los docentes recibir\u00e1n los montos correspondientes a la \u201ccl\u00e1usula [&hellip;]<\/p>\n","protected":false},"author":1,"featured_media":16498,"comment_status":"closed","ping_status":"closed","sticky":false,"template":"","format":"standard","meta":{"footnotes":""},"categories":[6],"tags":[],"class_list":{"0":"post-16497","1":"post","2":"type-post","3":"status-publish","4":"format-standard","5":"has-post-thumbnail","7":"category-chaco"},"_links":{"self":[{"href":"https:\/\/chacosintesis.com.ar\/index.php\/wp-json\/wp\/v2\/posts\/16497","targetHints":{"allow":["GET"]}}],"collection":[{"href":"https:\/\/chacosintesis.com.ar\/index.php\/wp-json\/wp\/v2\/posts"}],"about":[{"href":"https:\/\/chacosintesis.com.ar\/index.php\/wp-json\/wp\/v2\/types\/post"}],"author":[{"embeddable":true,"href":"https:\/\/chacosintesis.com.ar\/index.php\/wp-json\/wp\/v2\/users\/1"}],"replies":[{"embeddable":true,"href":"https:\/\/chacosintesis.com.ar\/index.php\/wp-json\/wp\/v2\/comments?post=16497"}],"version-history":[{"count":0,"href":"https:\/\/chacosintesis.com.ar\/index.php\/wp-json\/wp\/v2\/posts\/16497\/revisions"}],"wp:featuredmedia":[{"embeddable":true,"href":"https:\/\/chacosintesis.com.ar\/index.php\/wp-json\/wp\/v2\/media\/16498"}],"wp:attachment":[{"href":"https:\/\/chacosintesis.com.ar\/index.php\/wp-json\/wp\/v2\/media?parent=16497"}],"wp:term":[{"taxonomy":"category","embeddable":true,"href":"https:\/\/chacosintesis.com.ar\/index.php\/wp-json\/wp\/v2\/categories?post=16497"},{"taxonomy":"post_tag","embeddable":true,"href":"https:\/\/chacosintesis.com.ar\/index.php\/wp-json\/wp\/v2\/tags?post=16497"}],"curies":[{"name":"wp","href":"https:\/\/api.w.org\/{rel}","templated":true}]}}