{"id":16493,"date":"2022-07-24T11:40:53","date_gmt":"2022-07-24T14:40:53","guid":{"rendered":"https:\/\/chacosintesis.com.ar\/?p=16493"},"modified":"2022-07-24T12:07:18","modified_gmt":"2022-07-24T15:07:18","slug":"la-naturaleza-y-sus-tensiones-del-rumano-mogosanu-es-la-ganadora-de-la-bienal-del-chaco-2022","status":"publish","type":"post","link":"https:\/\/chacosintesis.com.ar\/index.php\/la-naturaleza-y-sus-tensiones-del-rumano-mogosanu-es-la-ganadora-de-la-bienal-del-chaco-2022\/","title":{"rendered":"\u201cLa naturaleza y sus tensiones\u201d, del rumano Mogosanu es la ganadora de la Bienal del Chaco 2022"},"content":{"rendered":"<p>En el acto de cierre y entrega de premios fueron consagradas tambi\u00e9n \u201cPermanencia 2150\u201d, del surcoreano Sodong Choe, en segundo lugar; y \u201cVestido\u201d, de la alemana Verena Mayer \u2013 Tasch, en tercer lugar. El premio del p\u00fablico fue para \u201cM\u00e1s all\u00e1 de las nubes\u201d, del argentino Juan Pablo Marturano, que adem\u00e1s gan\u00f3 una de las cinco menciones. La pr\u00f3xima edici\u00f3n de la Bienal del Chaco ser\u00e1 del 13 al 20 de julio de 2024.<br \/>\n \u201cLa naturaleza y sus tensiones\u201d, del rumano Petre Virgiliu Mogosanu fue consagrada por el jugado como la escultura ganadora de la Competencia Internacional de la Bienal del Chaco 2022, en el acto de cierre de este evento y experiencia cultural de gran \u00e9xito que cumple hoy su octava jornada. As\u00ed, la edici\u00f3n 12\u00b0 denominada \u201cEl legado\u201d, en honor a Fabriciano G\u00f3mez, dejar\u00e1 su huella para siempre con las diez obras que a futuro ser\u00e1n emplazadas en la v\u00eda p\u00fablica de Resistencia. La pr\u00f3xima cita ser\u00e1 del 13 al 20 de julio de 2024.<br \/>\nEl jurado conformado por Le\u00f3n Saavedra Geuer (Bolivia), Todor Todorov (Bulgaria) y Francisco Gazit\u00faa Costabal (Chile) eligi\u00f3 a la obra \u201cLa naturaleza y sus tensiones\u201d como el Primer premio \u201cNuevo Banco del Chaco\u201d, que fue entregado por el presidente de la entidad Federico Mu\u00f1oz Femen\u00eda, el titular de la Fundaci\u00f3n Urunday, Jos\u00e9 Eidman y la vicegobernadora Anal\u00eda Rach Quiroga.<br \/>\nEl Segundo premio \u201cOSDE\u201d fue para \u201cPermanencia 2150\u201d del surcoreano Sodong Choe; y el Tercer premio \u201cAerol\u00edneas Argentinas\u201d para \u201cVestido\u201d de la alemana Verena Mayer \u2013 Tasch.<br \/>\nEn el acto de cierre estuvieron presentes la vicegobernadora del Chaco, Anal\u00eda Rach Quiroga, junto al intendente de Resistencia, Gustavo Mart\u00ednez, al presidente de la Fundaci\u00f3n Urunday, Jos\u00e9 Eidman, y autoridades provinciales, del poder Legislativo, del Poder Judicial, y legisladores nacionales.<\/p>\n<p>Otros premios<br \/>\n Las cinco menciones especiales, de igual jerarqu\u00eda que los dem\u00e1s premios, tuvieron estos ganadores: el Premio Femechaco fue para la obra \u201cTransformaci\u00f3n emocional\u201d del georgiano John Gogaberishvili; el Premio Aeropuertos Argentina 2000 para \u201cSe\u00f1orita\u201d del alban\u00e9s Genti Tavanxhiu; el Premio Poder Legislativo del Chaco para \u201cNueva energ\u00eda\u201d del ucraniano Ihor Tkachivskyi; el Premio Palacios Hermanos para \u201cTensiones de la vida\u201d, del esloveno Arijel Strukelj; y el Premio Federaci\u00f3n Empresaria Hotelera Gastron\u00f3mica de la Rep\u00fablica Argentina (FEGHRA) se entreg\u00f3 a \u201cM\u00e1s all\u00e1 de las nubes\u201d, del argentino Juan Pablo Marturano.<br \/>\n El Premio de los Escultores \u201cEfra\u00edn Boglietti\u201d, en el que los escultores de la competencia eligen entre ellos la mejor escultura, fue para \u201cPermanencia 2150\u201d del surcoreano Sodong Choe; el Premio del P\u00fablico \u201cJuan Alberto Garc\u00eda\u201d, en el que la comunidad puede votar, fue para \u201cM\u00e1s all\u00e1 de las nubes\u201d, del argentino Juan Pablo Marturano; y el Premio de los Ni\u00f1os \u201cReinaldo Mart\u00ednez\u201d, en el que los m\u00e1s peque\u00f1os pueden elegir su favorito, fue para la obra \u201cLa naturaleza y sus tensiones\u201d, del rumano Mogosanu.<br \/>\nTodos los escultores y las escultoras que participaron del concurso internacional recibieron medallas y certificados que acreditan su paso por este certamen de gran renombre mundial; al igual que los tres miembros del jurado, y los escultores invitados.<br \/>\n Hasta las l\u00e1grimas: el recuerdo a Fabriciano a trav\u00e9s de la m\u00fasica<\/p>\n<p>Un momento de inevitable emoci\u00f3n en el cierre de esta Bienal tan especial fue el que record\u00f3 al creador de estos concursos, Fabriciano G\u00f3mez. Y para ello, la organizaci\u00f3n eligi\u00f3 destacar su amor por la m\u00fasica y en especial por el chamam\u00e9. Fue presentada as\u00ed la concertista Marita Belia, quien interpret\u00f3 La Oma, en piano solo y con arreglos propios.<br \/>\nAlejandro Acosta, compositor de la m\u00fasica de esta edici\u00f3n de la Bienal del Chaco, present\u00f3 luego \u201cRecuerdos de Yparacai\u201d interpretado en piano y el theremin, un instrumento electr\u00f3nico de cien a\u00f1os de antig\u00fcedad con dos antenas.<br \/>\nPor \u00faltimo, Marcelo Nieto ley\u00f3 un poema en honor a Fabriciano, con la canci\u00f3n \u201cMerceditas\u201d de fondo interpretada nuevamente por el piano de Marita Belia y Alejandro Acosta en viol\u00edn, e im\u00e1genes de fondo que recordaban la vida del gran escultor chaque\u00f1o.<\/p>\n","protected":false},"excerpt":{"rendered":"<p>En el acto de cierre y entrega de premios fueron consagradas tambi\u00e9n \u201cPermanencia 2150\u201d, del surcoreano Sodong Choe, en segundo lugar; y \u201cVestido\u201d, de la alemana Verena Mayer \u2013 Tasch, en tercer lugar. El premio del p\u00fablico fue para \u201cM\u00e1s all\u00e1 de las nubes\u201d, del argentino Juan Pablo Marturano, que adem\u00e1s gan\u00f3 una de las [&hellip;]<\/p>\n","protected":false},"author":1,"featured_media":16494,"comment_status":"closed","ping_status":"closed","sticky":false,"template":"","format":"standard","meta":{"footnotes":""},"categories":[6],"tags":[197],"class_list":{"0":"post-16493","1":"post","2":"type-post","3":"status-publish","4":"format-standard","5":"has-post-thumbnail","7":"category-chaco","8":"tag-destacada"},"_links":{"self":[{"href":"https:\/\/chacosintesis.com.ar\/index.php\/wp-json\/wp\/v2\/posts\/16493","targetHints":{"allow":["GET"]}}],"collection":[{"href":"https:\/\/chacosintesis.com.ar\/index.php\/wp-json\/wp\/v2\/posts"}],"about":[{"href":"https:\/\/chacosintesis.com.ar\/index.php\/wp-json\/wp\/v2\/types\/post"}],"author":[{"embeddable":true,"href":"https:\/\/chacosintesis.com.ar\/index.php\/wp-json\/wp\/v2\/users\/1"}],"replies":[{"embeddable":true,"href":"https:\/\/chacosintesis.com.ar\/index.php\/wp-json\/wp\/v2\/comments?post=16493"}],"version-history":[{"count":0,"href":"https:\/\/chacosintesis.com.ar\/index.php\/wp-json\/wp\/v2\/posts\/16493\/revisions"}],"wp:featuredmedia":[{"embeddable":true,"href":"https:\/\/chacosintesis.com.ar\/index.php\/wp-json\/wp\/v2\/media\/16494"}],"wp:attachment":[{"href":"https:\/\/chacosintesis.com.ar\/index.php\/wp-json\/wp\/v2\/media?parent=16493"}],"wp:term":[{"taxonomy":"category","embeddable":true,"href":"https:\/\/chacosintesis.com.ar\/index.php\/wp-json\/wp\/v2\/categories?post=16493"},{"taxonomy":"post_tag","embeddable":true,"href":"https:\/\/chacosintesis.com.ar\/index.php\/wp-json\/wp\/v2\/tags?post=16493"}],"curies":[{"name":"wp","href":"https:\/\/api.w.org\/{rel}","templated":true}]}}