{"id":16489,"date":"2022-07-23T19:23:42","date_gmt":"2022-07-23T22:23:42","guid":{"rendered":"https:\/\/chacosintesis.com.ar\/?p=16489"},"modified":"2022-07-23T19:36:53","modified_gmt":"2022-07-23T22:36:53","slug":"capitanich-recorrio-la-bienal-es-un-ejemplo-para-la-argentina-y-el-mundo-dijo","status":"publish","type":"post","link":"https:\/\/chacosintesis.com.ar\/index.php\/capitanich-recorrio-la-bienal-es-un-ejemplo-para-la-argentina-y-el-mundo-dijo\/","title":{"rendered":"Capitanich recorri\u00f3 la Bienal: \u201cEs un ejemplo para la Argentina y el mundo\u201d, dijo"},"content":{"rendered":"<p>El gobernador Jorge Capitanich recorri\u00f3, tras recibir el alta m\u00e9dica luego de estar afectado por COVID, el predio del Parque Intercultural 2 de febrero donde se desarrolla la Bienal de Esculturas y asegur\u00f3 que el evento \u201ces un ejemplo para la Argentina y el Mundo\u201d.<br \/>\n\u201cLamentablemente por haber contra\u00eddo COVID me alej\u00f3 de la posibilidad de recorrer esta Bienal de la manera que hubiese deseado\u201d, dijo el gobernador quien adem\u00e1s felicit\u00f3 a la Fundaci\u00f3n Urunday, al Municipio de Resistencia y a la gente \u201cque dio un ejemplo de participaci\u00f3n extraordinaria\u201d.<br \/>\nValor\u00f3 adem\u00e1s los espect\u00e1culos art\u00edsticos, musicales y todos los eventos a los que calific\u00f3 como \u201cfant\u00e1sticos\u201d. Destac\u00f3 adem\u00e1s la presencia de 500 expositores de distintas caracter\u00edsticas, y \u201cla multitud recorriendo las obras y el contenido que ofrece esta Bienal\u201d.<br \/>\nCapitanich asever\u00f3 que la Bienal genera orgullo ya que es un evento \u201cdonde la combinaci\u00f3n entre lo p\u00fablico y lo privado da sus frutos y realza el valor de un acontecimiento de car\u00e1cter mundial\u201d.<br \/>\nEl mandatario dijo que si bien es dif\u00edcil precisar la cantidad de p\u00fablico que visit\u00f3 el predio, detall\u00f3 que la Bienal es el tercer evento m\u00e1s importante de esculturas en el mundo. \u201cEs un evento art\u00edstico a cielo abierto extraordinario\u201d, mencion\u00f3 y adelant\u00f3 que Resistencia contar\u00e1 con 510 obras que ser\u00e1n distribuidas territorialmente.<br \/>\n\u201cNos queda la asignatura pendiente de que Resistencia sea declarada patrimonio cultural de la humanidad\u201d, declar\u00f3 y precis\u00f3 que todos los requisitos formales y sustanciales fueron presentados ante la Unesco.<br \/>\n\u201cCelebramos que en cada coraz\u00f3n chaque\u00f1o se pueda sentir orgullo por haber hecho de este un acontecimiento a escala mundial\u201d, dijo.<\/p>\n","protected":false},"excerpt":{"rendered":"<p>El gobernador Jorge Capitanich recorri\u00f3, tras recibir el alta m\u00e9dica luego de estar afectado por COVID, el predio del Parque Intercultural 2 de febrero donde se desarrolla la Bienal de Esculturas y asegur\u00f3 que el evento \u201ces un ejemplo para la Argentina y el Mundo\u201d. \u201cLamentablemente por haber contra\u00eddo COVID me alej\u00f3 de la posibilidad [&hellip;]<\/p>\n","protected":false},"author":1,"featured_media":16490,"comment_status":"closed","ping_status":"closed","sticky":false,"template":"","format":"standard","meta":{"footnotes":""},"categories":[6],"tags":[],"class_list":{"0":"post-16489","1":"post","2":"type-post","3":"status-publish","4":"format-standard","5":"has-post-thumbnail","7":"category-chaco"},"_links":{"self":[{"href":"https:\/\/chacosintesis.com.ar\/index.php\/wp-json\/wp\/v2\/posts\/16489","targetHints":{"allow":["GET"]}}],"collection":[{"href":"https:\/\/chacosintesis.com.ar\/index.php\/wp-json\/wp\/v2\/posts"}],"about":[{"href":"https:\/\/chacosintesis.com.ar\/index.php\/wp-json\/wp\/v2\/types\/post"}],"author":[{"embeddable":true,"href":"https:\/\/chacosintesis.com.ar\/index.php\/wp-json\/wp\/v2\/users\/1"}],"replies":[{"embeddable":true,"href":"https:\/\/chacosintesis.com.ar\/index.php\/wp-json\/wp\/v2\/comments?post=16489"}],"version-history":[{"count":0,"href":"https:\/\/chacosintesis.com.ar\/index.php\/wp-json\/wp\/v2\/posts\/16489\/revisions"}],"wp:featuredmedia":[{"embeddable":true,"href":"https:\/\/chacosintesis.com.ar\/index.php\/wp-json\/wp\/v2\/media\/16490"}],"wp:attachment":[{"href":"https:\/\/chacosintesis.com.ar\/index.php\/wp-json\/wp\/v2\/media?parent=16489"}],"wp:term":[{"taxonomy":"category","embeddable":true,"href":"https:\/\/chacosintesis.com.ar\/index.php\/wp-json\/wp\/v2\/categories?post=16489"},{"taxonomy":"post_tag","embeddable":true,"href":"https:\/\/chacosintesis.com.ar\/index.php\/wp-json\/wp\/v2\/tags?post=16489"}],"curies":[{"name":"wp","href":"https:\/\/api.w.org\/{rel}","templated":true}]}}