{"id":16479,"date":"2022-07-23T18:55:39","date_gmt":"2022-07-23T21:55:39","guid":{"rendered":"https:\/\/chacosintesis.com.ar\/?p=16479"},"modified":"2022-07-23T19:03:13","modified_gmt":"2022-07-23T22:03:13","slug":"visita-ilustre-pallarols-presento-su-obra-en-el-stand-del-poder-legislativo","status":"publish","type":"post","link":"https:\/\/chacosintesis.com.ar\/index.php\/visita-ilustre-pallarols-presento-su-obra-en-el-stand-del-poder-legislativo\/","title":{"rendered":"Visita ilustre: Pallarols present\u00f3 su obra en el stand del Poder Legislativo"},"content":{"rendered":"<p>El orfebre Juan Carlos Pallarols recorri\u00f3 este s\u00e1bado el certamen escult\u00f3rico m\u00e1s importante del pa\u00eds y visit\u00f3 el stand del Poder Legislativo donde se expone la r\u00e9plica del sable corvo del General Jos\u00e9 de San Mart\u00edn, adem\u00e1s de los bastones de mando de los presidentes Juan Domingo Per\u00f3n y Ra\u00fal Alfons\u00edn. El maestro artesano, quien estuvo acompa\u00f1ado por el artista chaque\u00f1o Gonzalo Su\u00e1rez L\u00f3pez, tambi\u00e9n don\u00f3 un ejemplar de la Rosa de la Paz, una obra simb\u00f3lica elaborada con vainas servidas entregadas por excombatientes de Malvinas y que ser\u00e1 subastada con fines ben\u00e9ficos.<br \/>\nLa presidenta Elida Cuesta agradeci\u00f3 la generosidad de Pallarols y el cari\u00f1o que demuestra en cada visita al pueblo chaque\u00f1o. \u201cEstamos haciendo honor al legado de Fabriciano convocando a estas figuras importantes del arte y la cultura para que compartan con las y los chaque\u00f1os nuestro certamen escult\u00f3rico que es el m\u00e1s importante del pa\u00eds y es motivo de orgullo para nosotros\u201d, manifest\u00f3.<br \/>\nAdem\u00e1s, destac\u00f3 el compromiso con la solidaridad del orfebre, quien don\u00f3 la Rosa de la Paz a la Fundaci\u00f3n Mujeres Chaque\u00f1as Solidarias (Muchas) y que ser\u00e1 subastada con fines ben\u00e9ficos. \u201cLa Rosa de la Paz es una obra hermosa realizada con las vainas donadas por familiares de excombatientes de Malvinas y que la vamos a subastar para asistir a los merenderos o aportar para la sala de oncolog\u00eda de hospital Perrando\u201d, asegur\u00f3 la legisladora.<br \/>\nPor su parte, Pallarols expres\u00f3 que \u201cesta provincia y su gente siempre me han tratado con mucho cari\u00f1o y siempre me gusta visitarla, sobre todo para compartir este gran certamen que pone en valor el oficio del arte para toda la comunidad\u201d.<br \/>\nMadera de El Impenetrable para los bastones de mando El maestro orfebre manifest\u00f3 que volver\u00e1 a visitar la provincia en septiembre para realizar la ceremonia y sacar la madera que se utilizar\u00e1 para los bastones de mando de los pr\u00f3ximos mandatarios nacionales y los provinciales. Pallarols agreg\u00f3 que \u201ctenemos el compromiso con la presidenta del Poder Legislativo de visitar El Impenetrable para realizar la ceremonia de pedir permiso al \u00e1rbol que ser\u00e1 la madera con la cual se realizar\u00e1n los bastones del pr\u00f3ximo presidente o presidenta, adem\u00e1s del de gobernador o gobernadora del Chaco y, quiz\u00e1, el jefe comunal de Resistencia\u201d.<\/p>\n","protected":false},"excerpt":{"rendered":"<p>El orfebre Juan Carlos Pallarols recorri\u00f3 este s\u00e1bado el certamen escult\u00f3rico m\u00e1s importante del pa\u00eds y visit\u00f3 el stand del Poder Legislativo donde se expone la r\u00e9plica del sable corvo del General Jos\u00e9 de San Mart\u00edn, adem\u00e1s de los bastones de mando de los presidentes Juan Domingo Per\u00f3n y Ra\u00fal Alfons\u00edn. El maestro artesano, quien [&hellip;]<\/p>\n","protected":false},"author":1,"featured_media":16480,"comment_status":"closed","ping_status":"closed","sticky":false,"template":"","format":"standard","meta":{"footnotes":""},"categories":[6],"tags":[],"class_list":{"0":"post-16479","1":"post","2":"type-post","3":"status-publish","4":"format-standard","5":"has-post-thumbnail","7":"category-chaco"},"_links":{"self":[{"href":"https:\/\/chacosintesis.com.ar\/index.php\/wp-json\/wp\/v2\/posts\/16479","targetHints":{"allow":["GET"]}}],"collection":[{"href":"https:\/\/chacosintesis.com.ar\/index.php\/wp-json\/wp\/v2\/posts"}],"about":[{"href":"https:\/\/chacosintesis.com.ar\/index.php\/wp-json\/wp\/v2\/types\/post"}],"author":[{"embeddable":true,"href":"https:\/\/chacosintesis.com.ar\/index.php\/wp-json\/wp\/v2\/users\/1"}],"replies":[{"embeddable":true,"href":"https:\/\/chacosintesis.com.ar\/index.php\/wp-json\/wp\/v2\/comments?post=16479"}],"version-history":[{"count":0,"href":"https:\/\/chacosintesis.com.ar\/index.php\/wp-json\/wp\/v2\/posts\/16479\/revisions"}],"wp:featuredmedia":[{"embeddable":true,"href":"https:\/\/chacosintesis.com.ar\/index.php\/wp-json\/wp\/v2\/media\/16480"}],"wp:attachment":[{"href":"https:\/\/chacosintesis.com.ar\/index.php\/wp-json\/wp\/v2\/media?parent=16479"}],"wp:term":[{"taxonomy":"category","embeddable":true,"href":"https:\/\/chacosintesis.com.ar\/index.php\/wp-json\/wp\/v2\/categories?post=16479"},{"taxonomy":"post_tag","embeddable":true,"href":"https:\/\/chacosintesis.com.ar\/index.php\/wp-json\/wp\/v2\/tags?post=16479"}],"curies":[{"name":"wp","href":"https:\/\/api.w.org\/{rel}","templated":true}]}}