{"id":16464,"date":"2022-07-22T09:51:47","date_gmt":"2022-07-22T12:51:47","guid":{"rendered":"https:\/\/chacosintesis.com.ar\/?p=16464"},"modified":"2022-07-22T10:06:52","modified_gmt":"2022-07-22T13:06:52","slug":"educacion-autoridades-acompanaron-a-docentes-y-estudiantes-que-exponen-sus-trabajos-en-la-bienal","status":"publish","type":"post","link":"https:\/\/chacosintesis.com.ar\/index.php\/educacion-autoridades-acompanaron-a-docentes-y-estudiantes-que-exponen-sus-trabajos-en-la-bienal\/","title":{"rendered":"Educaci\u00f3n: autoridades acompa\u00f1aron a docentes y estudiantes que exponen sus trabajos en la Bienal"},"content":{"rendered":"<p>&#8220;Es una manera de abrir puertas de escuelas y laboratorios de ciencia a todo el mundo&#8221;, mencion\u00f3 el ministro Aldo Lineras desde la Bienal Internacional de las Esculturas 2022, donde alumnas y alumnos junto a sus maestras y maestros presentaron sus producciones y buenas pr\u00e1cticas pedag\u00f3gicas.<br \/>\n El ministro de Educaci\u00f3n del Chaco, Aldo Lineras, junto a la subsecretar\u00eda de Educaci\u00f3n, Ludmila Pellegrini, acompa\u00f1\u00f3 a los y las estudiantes y docentes que exponen trabajos realizados en sus escuelas, con los cuales interact\u00faan desde stands educativos en la Bienal del Chaco.<br \/>\nEn la oportunidad, las autoridades visitaron los espacios de Educaci\u00f3n T\u00e9cnico Profesional, Escuelas de Formaci\u00f3n Profesional del interior de la provincia, y tambi\u00e9n, las actividades de las Direcciones de Planificaci\u00f3n, Ciencia y Tecnolog\u00eda y Pol\u00edticas Socioeducativas, como ser el Plan Provincial de Lecturas, y del Nivel Primario, Escuelas Forestadoras y Libros Para Aprender.<br \/>\nLos funcionarios dialogaron con estudiantes y docentes quienes se encuentran presentando sus trabajos, producciones y buenas pr\u00e1cticas pedag\u00f3gicas en este encuentro internacional, ya que \u201ces una manera de abrir las puertas de las escuelas t\u00e9cnicas y laboratorios de ciencia a todo el mundo\u201d, como se\u00f1al\u00f3 el ministro Lineras. Estuvo tambi\u00e9n presente en la actividad, la directora del Nivel Primario, Nilda Sosa.<br \/>\nLa Escuela de Educaci\u00f3n T\u00e9cnica N\u00b0 28 de Machagai present\u00f3 su auto el\u00e9ctrico, silla escalera y artesan\u00edas en madera; asimismo, la E.E.T N\u00b0 53 de Presidencia de la Plaza, mostr\u00f3 mapas hechos con su torno, karting a motor a combusti\u00f3n y el tablero de automatizaci\u00f3n para cabina sanitizante.<br \/>\nPor otro lado, la Escuela de Formaci\u00f3n Profesional N\u00b0 45 de Presidencia de la Plaza, brind\u00f3 a la comunidad talleres de cocina, peluquer\u00eda y carpinter\u00eda, costura, maquillaje profesional y operador en inform\u00e1tica.<br \/>\nEn la jornada, la Direcci\u00f3n de Nivel Primario propuso espacios de lectura, juegos y charlas, y en particular present\u00f3 su l\u00ednea Escuelas Forestadoras para combatir el cambio clim\u00e1tico con 100 \u00e1rboles para entregar a los ni\u00f1os y las ni\u00f1as que quieran asumir el compromiso de apadrinarlos junto a sus familias. Otra acci\u00f3n del Nivel Primario son los Libros Para Aprender que est\u00e1n llegando a todas las escuelas chaque\u00f1as, para que cada ni\u00f1o y cada ni\u00f1a junto a sus docentes puedan tener sus propios libros. Los espacios de juegos y actividades recreativas de matem\u00e1ticas y lengua no faltaron en el stand de esta direcci\u00f3n. Adem\u00e1s, se hicieron charlas y muestras sobre la Serie Acompa\u00f1ar la Ense\u00f1anza 2022 y el R\u00e9gimen Acad\u00e9mico.<br \/>\n Mostrar lo que se realiza en cada aula y en cada taller<br \/>\n\u201cParticipamos de esta edici\u00f3n especial de la Bienal por primera vez sin la presencia f\u00edsica de Fabriciano G\u00f3mez, pero con su impronta espiritual advertida en cada rinc\u00f3n que uno visita. En particular el coraz\u00f3n en donde est\u00e1n trabajando los escultores, tiene reverberaci\u00f3n hacia todos los sectores. Desde Educaci\u00f3n acompa\u00f1amos los stands que por la enorme demanda de espacio est\u00e1n distribuidos a lo largo del predio. Estamos visitando a dos escuelas t\u00e9cnicas que son que son se\u00f1eras en el trabajo, con un compromiso y responsabilidad respecto de la formaci\u00f3n t\u00e9cnica\u201d.<br \/>\n\u201cTambi\u00e9n, nos encontramos mostrando los programas que estamos llevando a cabo como Libros Para Aprender o Conectar Igualdad, los programas de asistencia, entre otros. La alegr\u00eda de poder participar de esto que trasciende de una muestra de arte para convertirse en una verdadera fiesta popular. Es un espacio educativo m\u00e1s donde nos sumamos a este inter\u00e9s afincado en la comunidad chaque\u00f1a, con una presencia de turistas internacionales muy importante. Educaci\u00f3n tiene esta enorme riqueza de lo que sucede en cada aula y taller, son importantes estos espacios para que se pueda ver\u201d, detall\u00f3 Lineras.<br \/>\nAsimismo, la subsecretaria de Educaci\u00f3n, Ludmila Pellegrini, coment\u00f3 que: \u201cEs sumamente interesante ver las pr\u00e1cticas de nuestras escuelas, poder disfrutar los stands, los clubes de lecturas, las actividades sobre ESI, ConectarLAB, entre muchas otras, y es interesante que la comunidad educativa pueda acompa\u00f1ar estas propuestas\u201d.<\/p>\n<p>Escuelas forestadoras: acci\u00f3n para combatir el cambio clim\u00e1tico<br \/>\nPor otro lado, la directora del Nivel Primario, Nilda Sosa, destac\u00f3 que: \u201cEstamos compartiendo felizmente este espacio que tenemos, hoy Nivel Primario presenta Libros Para Aprender, para que las familias en general puedan ver los libros que han llegado para nuestros ni\u00f1os, ni\u00f1as y docentes del Chaco. Adem\u00e1s, traemos un programa llamado Escuelas Forestadoras, para el cual esta direcci\u00f3n trajo 100 \u00e1rboles para los ni\u00f1os y ni\u00f1as que se acerquen al stand y quieran asumir el compromiso de adoptarlos. Vamos a estar entregando un arbolito por familia con asesoramiento de la gente del IIFA para saber d\u00f3nde plantarlo y c\u00f3mo cuidarlo. Esta es una acci\u00f3n concreta del Nivel Primario para combatir el cambio clim\u00e1tico. Los esperamos entre juegos y libros, para compartir un momento de recreaci\u00f3n y educaci\u00f3n con esta propuesta diferente para el receso de invierno\u201d.<br \/>\nEl Ministerio de Educaci\u00f3n, a trav\u00e9s de las Direcciones Generales de Pol\u00edticas Socioeducativas, Educaci\u00f3n T\u00e9cnico Profesional y Planificaci\u00f3n Ciencia y Tecnolog\u00eda, todos los d\u00edas de 10 a 18, participa en la Bienal de las Esculturas con un stand perteneciente al espacio de gobierno, organizado por el Instituto de Cultura y dos m\u00e1s para exhibir y presentar las acciones educativas que lleva a cabo.<\/p>\n","protected":false},"excerpt":{"rendered":"<p>&#8220;Es una manera de abrir puertas de escuelas y laboratorios de ciencia a todo el mundo&#8221;, mencion\u00f3 el ministro Aldo Lineras desde la Bienal Internacional de las Esculturas 2022, donde alumnas y alumnos junto a sus maestras y maestros presentaron sus producciones y buenas pr\u00e1cticas pedag\u00f3gicas. El ministro de Educaci\u00f3n del Chaco, Aldo Lineras, junto [&hellip;]<\/p>\n","protected":false},"author":1,"featured_media":16465,"comment_status":"closed","ping_status":"closed","sticky":false,"template":"","format":"standard","meta":{"footnotes":""},"categories":[6],"tags":[],"class_list":{"0":"post-16464","1":"post","2":"type-post","3":"status-publish","4":"format-standard","5":"has-post-thumbnail","7":"category-chaco"},"_links":{"self":[{"href":"https:\/\/chacosintesis.com.ar\/index.php\/wp-json\/wp\/v2\/posts\/16464","targetHints":{"allow":["GET"]}}],"collection":[{"href":"https:\/\/chacosintesis.com.ar\/index.php\/wp-json\/wp\/v2\/posts"}],"about":[{"href":"https:\/\/chacosintesis.com.ar\/index.php\/wp-json\/wp\/v2\/types\/post"}],"author":[{"embeddable":true,"href":"https:\/\/chacosintesis.com.ar\/index.php\/wp-json\/wp\/v2\/users\/1"}],"replies":[{"embeddable":true,"href":"https:\/\/chacosintesis.com.ar\/index.php\/wp-json\/wp\/v2\/comments?post=16464"}],"version-history":[{"count":0,"href":"https:\/\/chacosintesis.com.ar\/index.php\/wp-json\/wp\/v2\/posts\/16464\/revisions"}],"wp:featuredmedia":[{"embeddable":true,"href":"https:\/\/chacosintesis.com.ar\/index.php\/wp-json\/wp\/v2\/media\/16465"}],"wp:attachment":[{"href":"https:\/\/chacosintesis.com.ar\/index.php\/wp-json\/wp\/v2\/media?parent=16464"}],"wp:term":[{"taxonomy":"category","embeddable":true,"href":"https:\/\/chacosintesis.com.ar\/index.php\/wp-json\/wp\/v2\/categories?post=16464"},{"taxonomy":"post_tag","embeddable":true,"href":"https:\/\/chacosintesis.com.ar\/index.php\/wp-json\/wp\/v2\/tags?post=16464"}],"curies":[{"name":"wp","href":"https:\/\/api.w.org\/{rel}","templated":true}]}}