{"id":16458,"date":"2022-07-21T17:40:33","date_gmt":"2022-07-21T20:40:33","guid":{"rendered":"https:\/\/chacosintesis.com.ar\/?p=16458"},"modified":"2022-07-21T18:06:52","modified_gmt":"2022-07-21T21:06:52","slug":"cuesta-seguimos-trabajando-para-que-resistencia-sea-declarada-patrimonio-historico-y-cultural-de-la-humanidad","status":"publish","type":"post","link":"https:\/\/chacosintesis.com.ar\/index.php\/cuesta-seguimos-trabajando-para-que-resistencia-sea-declarada-patrimonio-historico-y-cultural-de-la-humanidad\/","title":{"rendered":"Cuesta: \u201cSeguimos trabajando para que Resistencia sea declarada patrimonio hist\u00f3rico y cultural de la humanidad\u201d"},"content":{"rendered":"<p>La presidenta del Poder Legislativo, Elida Cuesta, particip\u00f3 del cierre del Congreso Internacional de Derecho del Arte que se llev\u00f3 a cabo por primera vez en la capital chaque\u00f1a en el marco de la Bienal Internacional de Escultura. El evento fue auspiciado por la Casa de la Democracia y la Fundaci\u00f3n Urunday, y congreg\u00f3 a disertantes, letrados y artistas de diferentes partes del mundo que debatieron sobre la protecci\u00f3n, el cuidado y preservaci\u00f3n de las obras escult\u00f3ricas.<br \/>\n Cuesta destac\u00f3 al evento como hist\u00f3rico y alent\u00f3 a seguir trabajando para que Resistencia sea declarada como patrimonio hist\u00f3rico de la humanidad. \u201cDesde la Legislatura sancionamos la Ley N\u00b0 6624 que crea el comit\u00e9 de Resistencia Ciudad de las Esculturas, el cual va a trabajar para concretar el sue\u00f1o que ten\u00eda Fabriciano\u201d, asegur\u00f3.<\/p>\n<p>Por su parte, el director del Centro de Estudios de la Fundaci\u00f3n Urunday, Diego Tolosa, manifest\u00f3 que es un orgullo que artistas, juristas y estudiosos del arte deliberaran en Resistencia. \u201cEste es un primer paso para lograr que nuestra capital sea declarada patrimonio hist\u00f3rico, pero tambi\u00e9n para trabajar sobre una nueva disciplina que preserve el arte de nuestra ciudad, todo esto es un desaf\u00edo may\u00fasculo que lo tenemos que trabajar entre todos\u201d, remarc\u00f3.<\/p>\n<p>En tanto el disertante y jurista Miguel Ciuro Caldani agradeci\u00f3 la hospitalidad y la calidez del pueblo resistenciano y destac\u00f3 el respeto que tienen por el arte: \u201cFue un congreso fruct\u00edfero, en el que el derecho del arte pudo recolectar aportes importantes y hubo buenos avances en ese sentido. Creo que Resistencia debe ser declarada patrimonio hist\u00f3rico y cultural de la humanidad porque era un anhelo de Fabriciano y un sue\u00f1o de todos sus habitantes que tienen un profundo respeto por el arte\u201d.<\/p>\n","protected":false},"excerpt":{"rendered":"<p>La presidenta del Poder Legislativo, Elida Cuesta, particip\u00f3 del cierre del Congreso Internacional de Derecho del Arte que se llev\u00f3 a cabo por primera vez en la capital chaque\u00f1a en el marco de la Bienal Internacional de Escultura. El evento fue auspiciado por la Casa de la Democracia y la Fundaci\u00f3n Urunday, y congreg\u00f3 a [&hellip;]<\/p>\n","protected":false},"author":1,"featured_media":16459,"comment_status":"closed","ping_status":"closed","sticky":false,"template":"","format":"standard","meta":{"footnotes":""},"categories":[6],"tags":[],"class_list":{"0":"post-16458","1":"post","2":"type-post","3":"status-publish","4":"format-standard","5":"has-post-thumbnail","7":"category-chaco"},"_links":{"self":[{"href":"https:\/\/chacosintesis.com.ar\/index.php\/wp-json\/wp\/v2\/posts\/16458","targetHints":{"allow":["GET"]}}],"collection":[{"href":"https:\/\/chacosintesis.com.ar\/index.php\/wp-json\/wp\/v2\/posts"}],"about":[{"href":"https:\/\/chacosintesis.com.ar\/index.php\/wp-json\/wp\/v2\/types\/post"}],"author":[{"embeddable":true,"href":"https:\/\/chacosintesis.com.ar\/index.php\/wp-json\/wp\/v2\/users\/1"}],"replies":[{"embeddable":true,"href":"https:\/\/chacosintesis.com.ar\/index.php\/wp-json\/wp\/v2\/comments?post=16458"}],"version-history":[{"count":0,"href":"https:\/\/chacosintesis.com.ar\/index.php\/wp-json\/wp\/v2\/posts\/16458\/revisions"}],"wp:featuredmedia":[{"embeddable":true,"href":"https:\/\/chacosintesis.com.ar\/index.php\/wp-json\/wp\/v2\/media\/16459"}],"wp:attachment":[{"href":"https:\/\/chacosintesis.com.ar\/index.php\/wp-json\/wp\/v2\/media?parent=16458"}],"wp:term":[{"taxonomy":"category","embeddable":true,"href":"https:\/\/chacosintesis.com.ar\/index.php\/wp-json\/wp\/v2\/categories?post=16458"},{"taxonomy":"post_tag","embeddable":true,"href":"https:\/\/chacosintesis.com.ar\/index.php\/wp-json\/wp\/v2\/tags?post=16458"}],"curies":[{"name":"wp","href":"https:\/\/api.w.org\/{rel}","templated":true}]}}