{"id":16451,"date":"2022-07-21T10:32:21","date_gmt":"2022-07-21T13:32:21","guid":{"rendered":"https:\/\/chacosintesis.com.ar\/?p=16451"},"modified":"2022-07-21T10:36:39","modified_gmt":"2022-07-21T13:36:39","slug":"baglietto-vitale-y-stratus-festejaron-el-dia-del-amigo-en-el-escenario-principal-de-la-bienal","status":"publish","type":"post","link":"https:\/\/chacosintesis.com.ar\/index.php\/baglietto-vitale-y-stratus-festejaron-el-dia-del-amigo-en-el-escenario-principal-de-la-bienal\/","title":{"rendered":"Baglietto, Vitale y Stratus festejaron el D\u00eda del Amigo en el escenario principal de la Bienal"},"content":{"rendered":"<p>En la quinta jornada de la Bienal Internacional de Esculturas, realizada en el Domo del Centenario y el Parque Intercultural 2 de Febrero, el p\u00fablico pudo disfrutar del D\u00eda del Amigo con los shows en el escenario principal de Stratus, Lito Vitale y Juan Carlos Baglietto. Estas propuestas culturales son  impulsadas por el Municipio de Resistencia.<br \/>\nEn tanto, este jueves (21 de julio) habr\u00e1 espect\u00e1culos gratuitos en distintos puntos de la ciudad, con el cierre musical a cargo de Roc\u00edo Lens, quien suplantar\u00e1 a Miss Bolivia que se ausentar\u00e1 por razones de fuerza mayor vinculadas a su salud. Previamente, se presentar\u00e1n Paria y Las Guaynas Por\u00e1.<br \/>\nLa palabra de los artistas<br \/>\nJuan Carlos Baglietto sostuvo que \u201clas expectativas fueron las mejores, y el incentivo son estas noches m\u00e1gicas de Resistencia con la calidez de su gente\u201d, y agreg\u00f3 que \u201cfue una alegr\u00eda escuchar en este escenario popular de la Bienal este tipo de m\u00fasica, que es un evento que est\u00e1 creciendo tal y como hubiera querido Fabriciano G\u00f3mez\u201d.<br \/>\nEn esta linea Lito Vitale sum\u00f3: \u201cFue un placer tocar con mi mejor amigo en este d\u00eda tan especial en la capital de las esculturas, lo cual hace que las emociones est\u00e9n a flor de piel\u201d.<br \/>\nCarlos Matta, saxofonista de Stratus, coment\u00f3 que \u201cfue una felicidad enorme recibir el cari\u00f1o del p\u00fablico\u201d, y agreg\u00f3 que \u201ces fundamental que el evento m\u00e1s importante que tiene Resistencia brinde un espacio tan grande a los artistas locales\u201d.<br \/>\nActividades del quinto d\u00eda<br \/>\nEl Municipio de Resistencia volvi\u00f3 a mostrar una amplia variedad de atracciones culturales y recreativas de car\u00e1cter gratuito, destinadas a visitantes de todas las edades y en diferentes espacios, como la Isla de los Peques donde las familias pudieron disfrutar del laberinto saludable, inflables, bicibotes, talleres de armado de barriletes y de salud bucal, y de la charla &#8220;Jugando conozco mis derechos&#8221;.<br \/>\nEn la Carpa Cabecera hubo clases de Manuarte Kids, de macram\u00e9 y de dibujo anim\u00e9. Mientras que el Paseo de las Artes se aprovech\u00f3 para intercambiar libros y artistas pl\u00e1sticos expusieron y pintaron en vivo.<br \/>\nChaque el Circo y el espect\u00e1culo de t\u00edteres se presentaron en el Anfiteatro del Parque 2 de Febrero. Por su parte, en el Punto de Encuentro hubo un show de danzas flamencas, contempor\u00e1neas, espa\u00f1olas y tango, posteriormente se exhibi\u00f3 un cortometraje de cine chaque\u00f1o.<br \/>\nEn la Peatonal estuvieron artistas pl\u00e1sticos pintando y exponiendo en vivo, junto con danzas cl\u00e1sicas, ritmos mix y danzas \u00e1rabes, y por \u00faltimo se present\u00f3 la Orquesta Municipal.<\/p>\n","protected":false},"excerpt":{"rendered":"<p>En la quinta jornada de la Bienal Internacional de Esculturas, realizada en el Domo del Centenario y el Parque Intercultural 2 de Febrero, el p\u00fablico pudo disfrutar del D\u00eda del Amigo con los shows en el escenario principal de Stratus, Lito Vitale y Juan Carlos Baglietto. Estas propuestas culturales son impulsadas por el Municipio de [&hellip;]<\/p>\n","protected":false},"author":1,"featured_media":16452,"comment_status":"closed","ping_status":"closed","sticky":false,"template":"","format":"standard","meta":{"footnotes":""},"categories":[6],"tags":[],"class_list":{"0":"post-16451","1":"post","2":"type-post","3":"status-publish","4":"format-standard","5":"has-post-thumbnail","7":"category-chaco"},"_links":{"self":[{"href":"https:\/\/chacosintesis.com.ar\/index.php\/wp-json\/wp\/v2\/posts\/16451","targetHints":{"allow":["GET"]}}],"collection":[{"href":"https:\/\/chacosintesis.com.ar\/index.php\/wp-json\/wp\/v2\/posts"}],"about":[{"href":"https:\/\/chacosintesis.com.ar\/index.php\/wp-json\/wp\/v2\/types\/post"}],"author":[{"embeddable":true,"href":"https:\/\/chacosintesis.com.ar\/index.php\/wp-json\/wp\/v2\/users\/1"}],"replies":[{"embeddable":true,"href":"https:\/\/chacosintesis.com.ar\/index.php\/wp-json\/wp\/v2\/comments?post=16451"}],"version-history":[{"count":0,"href":"https:\/\/chacosintesis.com.ar\/index.php\/wp-json\/wp\/v2\/posts\/16451\/revisions"}],"wp:featuredmedia":[{"embeddable":true,"href":"https:\/\/chacosintesis.com.ar\/index.php\/wp-json\/wp\/v2\/media\/16452"}],"wp:attachment":[{"href":"https:\/\/chacosintesis.com.ar\/index.php\/wp-json\/wp\/v2\/media?parent=16451"}],"wp:term":[{"taxonomy":"category","embeddable":true,"href":"https:\/\/chacosintesis.com.ar\/index.php\/wp-json\/wp\/v2\/categories?post=16451"},{"taxonomy":"post_tag","embeddable":true,"href":"https:\/\/chacosintesis.com.ar\/index.php\/wp-json\/wp\/v2\/tags?post=16451"}],"curies":[{"name":"wp","href":"https:\/\/api.w.org\/{rel}","templated":true}]}}