{"id":16441,"date":"2022-07-21T01:15:34","date_gmt":"2022-07-21T04:15:34","guid":{"rendered":"https:\/\/chacosintesis.com.ar\/?p=16441"},"modified":"2022-07-21T01:36:43","modified_gmt":"2022-07-21T04:36:43","slug":"la-bienal-del-chaco-suma-un-nuevo-integrante-el-oso-anteojudo","status":"publish","type":"post","link":"https:\/\/chacosintesis.com.ar\/index.php\/la-bienal-del-chaco-suma-un-nuevo-integrante-el-oso-anteojudo\/","title":{"rendered":"La Bienal del Chaco suma un nuevo integrante: el Oso Anteojudo"},"content":{"rendered":"<p>La Bienal Internacional de Escultura 2022 inaugur\u00f3 la obra del escultor Alejandro Arce, en la cual estuvo trabajando durante m\u00e1s de tres d\u00edas en el predio del Domo del Centenario.<br \/>\nAlejandro Arce ha participado m\u00faltiples veces en otras ediciones de nuestra Bienal del Chaco y la propuesta habilitada hoy tiene sus basamentos en los animales en peligro de extinci\u00f3n. En esta ocasi\u00f3n replic\u00f3 un oso anteojudo, la \u00fanica especie de oso existente en Am\u00e9rica del Sur que a su vez est\u00e1 en peligro de extinci\u00f3n. Sobre un bloque de arena de 3,5 metros de altura, Alejandro Arce tall\u00f3 a este oso con su cr\u00eda. Con 27 toneladas de arena trabaj\u00f3 la obra, y para ella, el material a utilizar tiene que cumplir un proceso que inici\u00f3 el s\u00e1bado 16 de julio.<br \/>\nAdem\u00e1s de la presentaci\u00f3n, el artista argentino, interactu\u00f3 con los presentes en dos talleres que dar\u00e1 con el nombre de: \u201cTaller de Dise\u00f1o de Materiales Did\u00e1cticos para el Aula\u201d un taller destinado a docentes de todos los niveles que est\u00e9n interesados en aprender a dise\u00f1ar herramientas y recursos did\u00e1cticos para trabajar en el aula. El mismo se realizar\u00e1 desde el mi\u00e9rcoles 20 y hasta el 22 de julio, desde las 8:30 a 10:30, en el MusEUM (avenida de Los Inmigrantes 1001, Resistencia).<br \/>\nA su vez, el taller \u201cAut\u00f3matas con broche para ropa\u201d, un taller destinado a todo p\u00fablico en el que podr\u00e1n aprender c\u00f3mo hacer un aut\u00f3mata con broche para ropa. Podr\u00e1n conocer sobre su historia, modelos, mecanismos y formas de realizaci\u00f3n. Los d\u00edas 20, 21 y 22 de julio de 14 a 16 en el MusEUM<\/p>\n","protected":false},"excerpt":{"rendered":"<p>La Bienal Internacional de Escultura 2022 inaugur\u00f3 la obra del escultor Alejandro Arce, en la cual estuvo trabajando durante m\u00e1s de tres d\u00edas en el predio del Domo del Centenario. Alejandro Arce ha participado m\u00faltiples veces en otras ediciones de nuestra Bienal del Chaco y la propuesta habilitada hoy tiene sus basamentos en los animales [&hellip;]<\/p>\n","protected":false},"author":1,"featured_media":16442,"comment_status":"closed","ping_status":"closed","sticky":false,"template":"","format":"standard","meta":{"footnotes":""},"categories":[6],"tags":[],"class_list":{"0":"post-16441","1":"post","2":"type-post","3":"status-publish","4":"format-standard","5":"has-post-thumbnail","7":"category-chaco"},"_links":{"self":[{"href":"https:\/\/chacosintesis.com.ar\/index.php\/wp-json\/wp\/v2\/posts\/16441","targetHints":{"allow":["GET"]}}],"collection":[{"href":"https:\/\/chacosintesis.com.ar\/index.php\/wp-json\/wp\/v2\/posts"}],"about":[{"href":"https:\/\/chacosintesis.com.ar\/index.php\/wp-json\/wp\/v2\/types\/post"}],"author":[{"embeddable":true,"href":"https:\/\/chacosintesis.com.ar\/index.php\/wp-json\/wp\/v2\/users\/1"}],"replies":[{"embeddable":true,"href":"https:\/\/chacosintesis.com.ar\/index.php\/wp-json\/wp\/v2\/comments?post=16441"}],"version-history":[{"count":0,"href":"https:\/\/chacosintesis.com.ar\/index.php\/wp-json\/wp\/v2\/posts\/16441\/revisions"}],"wp:featuredmedia":[{"embeddable":true,"href":"https:\/\/chacosintesis.com.ar\/index.php\/wp-json\/wp\/v2\/media\/16442"}],"wp:attachment":[{"href":"https:\/\/chacosintesis.com.ar\/index.php\/wp-json\/wp\/v2\/media?parent=16441"}],"wp:term":[{"taxonomy":"category","embeddable":true,"href":"https:\/\/chacosintesis.com.ar\/index.php\/wp-json\/wp\/v2\/categories?post=16441"},{"taxonomy":"post_tag","embeddable":true,"href":"https:\/\/chacosintesis.com.ar\/index.php\/wp-json\/wp\/v2\/tags?post=16441"}],"curies":[{"name":"wp","href":"https:\/\/api.w.org\/{rel}","templated":true}]}}