{"id":16427,"date":"2022-07-20T08:51:03","date_gmt":"2022-07-20T11:51:03","guid":{"rendered":"https:\/\/chacosintesis.com.ar\/?p=16427"},"modified":"2022-07-20T09:06:44","modified_gmt":"2022-07-20T12:06:44","slug":"raul-castells-irrumpio-en-un-super-para-pedir-comida","status":"publish","type":"post","link":"https:\/\/chacosintesis.com.ar\/index.php\/raul-castells-irrumpio-en-un-super-para-pedir-comida\/","title":{"rendered":"Ra\u00fal Castells irrumpi\u00f3 en un s\u00faper para pedir comida"},"content":{"rendered":"<p>El dirigente estaba acompa\u00f1ado por unos 150 militantes de su espacio. El episodio se calm\u00f3 tras la llegada de funcionarios del \u00e1rea de Desarrollo Social santafesina, quienes pautaron una reuni\u00f3n.<br \/>\n <iframe loading=\"lazy\" title=\"Ra\u00fal Castells irrumpi\u00f3 en un supermercado y gener\u00f3 tensi\u00f3n\" width=\"1170\" height=\"658\" src=\"https:\/\/www.youtube.com\/embed\/1YWY937n-yE?feature=oembed\" frameborder=\"0\" allow=\"accelerometer; autoplay; clipboard-write; encrypted-media; gyroscope; picture-in-picture; web-share\" allowfullscreen><\/iframe><br \/>\n El l\u00edder del Movimiento Independiente de Jubilados y Desocupados (MIJD), Ra\u00fal Castells, irrumpi\u00f3 en un supermercado de Rosario para reclamar comida en el marco de la delicada situaci\u00f3n econ\u00f3mica y social que atraviesa la Argentina.<br \/>\nEn las im\u00e1genes se ve al referente social en una sucursal de Coto a los gritos, metodolog\u00eda que hizo recordar a lo ocurrido en 2001, cuando en distintos lugares del pa\u00eds se realizaron saqueos a estos comercios. En esta ocasi\u00f3n, el dirigente estaba acompa\u00f1ado por unos 150 militantes de su espacio.<br \/>\n&#8220;Le pedimos a los empleados de seguridad de Coto que llamen a sus gerentes, porque el objetivo no es perturbar al supermercado, sino reclamarle al Gobierno nacional que alguien tiene que prestar atenci\u00f3n ante la necesidad y la miseria que hay&#8221;, plante\u00f3 Castells.<br \/>\nEl episodio se calm\u00f3 tras la llegada de funcionarios del \u00e1rea de Desarrollo Social santafesina, quienes pautaron una reuni\u00f3n para hablar con el dirigente social.<br \/>\nTras la pol\u00e9mica, Castells brind\u00f3 declaraciones a distintos medios y afirm\u00f3: &#8220;Nuestro movimiento nunca ha llamado a los saqueos. Hemos pedido que ayuden a mantener los comedores. Le reclamo a las cadenas de hipermercado que tienen niveles de ganancias&#8221;.<br \/>\n En ese sentido, recalc\u00f3 que &#8220;no hubo saqueo, no hubo extorsi\u00f3n&#8221;, sino que &#8220;se est\u00e1 llamando la atenci\u00f3n&#8221; porque &#8220;no se puede aceptar que el Gobierno empuje a los saqueos&#8221;, indic\u00f3 en referencia a las medidas econ\u00f3micas adoptadas por la administraci\u00f3n de Alberto Fern\u00e1ndez, a quien meses atr\u00e1s, el propio piquetero le pidi\u00f3 su renuncia al cargo de Presidente.<br \/>\nM\u00e1s tarde, el l\u00edder del MIJD se quej\u00f3 de que &#8220;el Gobierno decidi\u00f3 que se suspendan las comidas en los comedores&#8221;. &#8220;Es la primera vez que desde el Estado nos dicen que no entregar\u00e1n los alimentos. Alguien tiene que prestar atenci\u00f3n a la miseria que hay&#8221;, sentenci\u00f3 Castells.<br \/>\n CADENA 3.-<\/p>\n","protected":false},"excerpt":{"rendered":"<p>El dirigente estaba acompa\u00f1ado por unos 150 militantes de su espacio. El episodio se calm\u00f3 tras la llegada de funcionarios del \u00e1rea de Desarrollo Social santafesina, quienes pautaron una reuni\u00f3n. El l\u00edder del Movimiento Independiente de Jubilados y Desocupados (MIJD), Ra\u00fal Castells, irrumpi\u00f3 en un supermercado de Rosario para reclamar comida en el marco de [&hellip;]<\/p>\n","protected":false},"author":1,"featured_media":16428,"comment_status":"closed","ping_status":"closed","sticky":false,"template":"","format":"standard","meta":{"footnotes":""},"categories":[6],"tags":[197],"class_list":{"0":"post-16427","1":"post","2":"type-post","3":"status-publish","4":"format-standard","5":"has-post-thumbnail","7":"category-chaco","8":"tag-destacada"},"_links":{"self":[{"href":"https:\/\/chacosintesis.com.ar\/index.php\/wp-json\/wp\/v2\/posts\/16427","targetHints":{"allow":["GET"]}}],"collection":[{"href":"https:\/\/chacosintesis.com.ar\/index.php\/wp-json\/wp\/v2\/posts"}],"about":[{"href":"https:\/\/chacosintesis.com.ar\/index.php\/wp-json\/wp\/v2\/types\/post"}],"author":[{"embeddable":true,"href":"https:\/\/chacosintesis.com.ar\/index.php\/wp-json\/wp\/v2\/users\/1"}],"replies":[{"embeddable":true,"href":"https:\/\/chacosintesis.com.ar\/index.php\/wp-json\/wp\/v2\/comments?post=16427"}],"version-history":[{"count":0,"href":"https:\/\/chacosintesis.com.ar\/index.php\/wp-json\/wp\/v2\/posts\/16427\/revisions"}],"wp:featuredmedia":[{"embeddable":true,"href":"https:\/\/chacosintesis.com.ar\/index.php\/wp-json\/wp\/v2\/media\/16428"}],"wp:attachment":[{"href":"https:\/\/chacosintesis.com.ar\/index.php\/wp-json\/wp\/v2\/media?parent=16427"}],"wp:term":[{"taxonomy":"category","embeddable":true,"href":"https:\/\/chacosintesis.com.ar\/index.php\/wp-json\/wp\/v2\/categories?post=16427"},{"taxonomy":"post_tag","embeddable":true,"href":"https:\/\/chacosintesis.com.ar\/index.php\/wp-json\/wp\/v2\/tags?post=16427"}],"curies":[{"name":"wp","href":"https:\/\/api.w.org\/{rel}","templated":true}]}}