{"id":16393,"date":"2022-07-19T10:00:30","date_gmt":"2022-07-19T13:00:30","guid":{"rendered":"https:\/\/chacosintesis.com.ar\/?p=16393"},"modified":"2022-07-19T10:01:53","modified_gmt":"2022-07-19T13:01:53","slug":"centeno-la-mayoria-de-los-internados-tienen-esquema-incompleto","status":"publish","type":"post","link":"https:\/\/chacosintesis.com.ar\/index.php\/centeno-la-mayoria-de-los-internados-tienen-esquema-incompleto\/","title":{"rendered":"Centeno: \u201cLa mayor\u00eda de los internados tienen esquema incompleto\u201d"},"content":{"rendered":"<p>La funcionaria provincial confirm\u00f3 el fallecimiento ayer de una persona con coronavirus. Actualmente suman 17 las personas alojadas en distintos centros asistenciales, uno de ellos con Asistencia Respiratoria Mec\u00e1nica.<br \/>\n La ministra de Salud P\u00fablica del Chaco, Carolina Centeno confirm\u00f3 el fallecimiento de una persona con Covid-19 durante la jornada del lunes 18 por lo que llam\u00f3 una vez m\u00e1s a la ciudadan\u00eda a completar los esquemas de vacunaci\u00f3n. La persona fallecida ayer no contaba con ninguna dosis de las vacunas disponibles para mitigar el impacto del coronavirus, mientras que la gran mayor\u00eda de los internados actualmente en distintos centros de atenci\u00f3n cuentan con esquemas incompletos.<br \/>\nAnte la consulta de Agencia FOCO respecto al aumento de casos en los \u00faltimos d\u00edas, la funcionaria provincial asegur\u00f3 que la situaci\u00f3n a\u00fan \u201cno es complicada\u201d, pero \u201cestamos con aumento de casos\u201d, reconoci\u00f3. \u201cTenemos 17 internados en toda la provincia, 14 en el hospital Perrando y tres en el 4 de Junio de S\u00e1enz Pe\u00f1a\u201d, coment\u00f3 Centeno. Respecto a esta situaci\u00f3n, dijo que ocho de los casos son leves, ocho moderados y uno solo con Asistencia Respiratoria Mec\u00e1nica (ARM).<br \/>\nTras confirmar el fallecimiento de una persona sin vacunas colocadas, la ministra analiz\u00f3 que \u201ca mayor cantidad de contagios, mayor es la cantidad de internados. Y eso, obviamente, incide en los fallecimientos\u201d. \u201cTenemos muy pocas personas con tres dosis colocadas y casi ninguno con cuatro dosis\u201d, destac\u00f3 Centeno e insisti\u00f3 en completar los esquemas de vacunaci\u00f3n.<br \/>\nA su vez, asegur\u00f3 que en la provincia el Chaco no se registran aun casos con la nueva subvariante de Omicron. \u201cEstamos esperando secuenciaciones, pero las \u00faltimas a\u00fan son BA.1.1 y BA.2\u201d, concluy\u00f3. En los inicios de este mes de julio, el Instituto ANLIS\/Malbr\u00e1n confirm\u00f3 el primer caso de una persona que fue diagnosticada con la enfermedad COVID-19 causada por la subvariante de \u00d3micron BA.5. Se trat\u00f3 de una persona que hab\u00eda regresado de un viaje internacional. Especialistas consideran que tiene gran poder de contagiosidad pero no es m\u00e1s agresiva, aunque la gravedad depende del nivel de protecci\u00f3n en la gente a partir de la colocaci\u00f3n de las vacunas.<br \/>\nInicio de esquema de 6 meses a 3 a\u00f1os<br \/>\nRespecto al inicio del esquema de vacunaci\u00f3n en ni\u00f1as y ni\u00f1os de 6 meses a 3 a\u00f1os de edad, la ministra de Salud P\u00fabica del Chaco asegur\u00f3 que -si bien hasta el momento no hay confirmaci\u00f3n-, est\u00e1 estipulado que el 25 de julio comiencen a ingresar al pa\u00eds las dosis de vacunas Moderna para este segmento etario.<br \/>\nEn la \u00faltima reuni\u00f3n virtual del Consejo Federal de Salud (COFESA) junto a las autoridades sanitarias de las 24 jurisdicciones, se decidi\u00f3 avanzar con la vacunaci\u00f3n contra la COVID-19 en ni\u00f1os y ni\u00f1as desde los 6 meses hasta los 3 a\u00f1os de edad. Carla Vizzotti, titular de la cartera sanitaria nacional, destac\u00f3 en ese encuentro la importancia de avanzar en la cobertura contra COVID-19 del \u00fanico grupo etario que quedaba a\u00fan no dispon\u00eda de una opci\u00f3n de vacunaci\u00f3n. \u201cHab\u00eda un colectivo de ni\u00f1as y ni\u00f1os de riesgo preocupados por este tema, pero tambi\u00e9n de familias de chicas y chicos que no ten\u00edan riesgo pero que ten\u00edan mucha inquietud por vacunar a sus hijos e hijas desde el punto de vista de la circulaci\u00f3n de nuevas variantes\u201d, expres\u00f3 la ministra.<br \/>\nVizzotti resalt\u00f3 que de esta manera Argentina se convierte en uno de los primeros pa\u00edses del mundo en incorporar a esta franja etaria a la estrategia de vacunaci\u00f3n contra la COVID-19, a la vez que alert\u00f3 que en varias naciones que a\u00fan no han iniciado la vacunaci\u00f3n en pediatr\u00eda \u201cel n\u00famero de casos est\u00e1 aumentando a expensas de esta poblaci\u00f3n susceptible\u201d. \u201cSi bien sabemos que con la vacuna no se interrumpe la circulaci\u00f3n del virus, al tener un alto porcentaje de poblaci\u00f3n con cobertura desde los seis meses de edad, esa posibilidad disminuye y se reduce adem\u00e1s la posibilidad de hospitalizaciones y muertes\u201d, concluy\u00f3 la funcionaria nacional.<br \/>\nFinalmente, la ministra se\u00f1al\u00f3 que la vacunaci\u00f3n contra COVID-19 en ni\u00f1as y ni\u00f1os de 6 meses a 3 a\u00f1os con vacunas del laboratorio Moderna cuenta con la recomendaci\u00f3n de la Administraci\u00f3n Nacional de Medicamentos, Alimentos y Tecnolog\u00eda M\u00e9dica (ANMAT) y de la Comisi\u00f3n Nacional de Inmunizaciones (CoNaIn). \u201cTambi\u00e9n se ha venido trabajando con las distintas sociedades cient\u00edficas y especialmente con la Sociedad Argentina de Pediatr\u00eda (SAP) para difundir informaci\u00f3n a los pediatras sobre la vacunaci\u00f3n\u201d, cerr\u00f3.<\/p>\n","protected":false},"excerpt":{"rendered":"<p>La funcionaria provincial confirm\u00f3 el fallecimiento ayer de una persona con coronavirus. Actualmente suman 17 las personas alojadas en distintos centros asistenciales, uno de ellos con Asistencia Respiratoria Mec\u00e1nica. La ministra de Salud P\u00fablica del Chaco, Carolina Centeno confirm\u00f3 el fallecimiento de una persona con Covid-19 durante la jornada del lunes 18 por lo que [&hellip;]<\/p>\n","protected":false},"author":1,"featured_media":16394,"comment_status":"closed","ping_status":"closed","sticky":false,"template":"","format":"standard","meta":{"footnotes":""},"categories":[6],"tags":[197],"class_list":{"0":"post-16393","1":"post","2":"type-post","3":"status-publish","4":"format-standard","5":"has-post-thumbnail","7":"category-chaco","8":"tag-destacada"},"_links":{"self":[{"href":"https:\/\/chacosintesis.com.ar\/index.php\/wp-json\/wp\/v2\/posts\/16393","targetHints":{"allow":["GET"]}}],"collection":[{"href":"https:\/\/chacosintesis.com.ar\/index.php\/wp-json\/wp\/v2\/posts"}],"about":[{"href":"https:\/\/chacosintesis.com.ar\/index.php\/wp-json\/wp\/v2\/types\/post"}],"author":[{"embeddable":true,"href":"https:\/\/chacosintesis.com.ar\/index.php\/wp-json\/wp\/v2\/users\/1"}],"replies":[{"embeddable":true,"href":"https:\/\/chacosintesis.com.ar\/index.php\/wp-json\/wp\/v2\/comments?post=16393"}],"version-history":[{"count":0,"href":"https:\/\/chacosintesis.com.ar\/index.php\/wp-json\/wp\/v2\/posts\/16393\/revisions"}],"wp:featuredmedia":[{"embeddable":true,"href":"https:\/\/chacosintesis.com.ar\/index.php\/wp-json\/wp\/v2\/media\/16394"}],"wp:attachment":[{"href":"https:\/\/chacosintesis.com.ar\/index.php\/wp-json\/wp\/v2\/media?parent=16393"}],"wp:term":[{"taxonomy":"category","embeddable":true,"href":"https:\/\/chacosintesis.com.ar\/index.php\/wp-json\/wp\/v2\/categories?post=16393"},{"taxonomy":"post_tag","embeddable":true,"href":"https:\/\/chacosintesis.com.ar\/index.php\/wp-json\/wp\/v2\/tags?post=16393"}],"curies":[{"name":"wp","href":"https:\/\/api.w.org\/{rel}","templated":true}]}}