{"id":16388,"date":"2022-07-19T09:52:55","date_gmt":"2022-07-19T12:52:55","guid":{"rendered":"https:\/\/chacosintesis.com.ar\/?p=16388"},"modified":"2022-07-19T09:52:56","modified_gmt":"2022-07-19T12:52:56","slug":"elida-cuesta-en-la-bienal-queremos-vivir-la-cultura-y-estar-cerca-de-nuestro-pueblo","status":"publish","type":"post","link":"https:\/\/chacosintesis.com.ar\/index.php\/elida-cuesta-en-la-bienal-queremos-vivir-la-cultura-y-estar-cerca-de-nuestro-pueblo\/","title":{"rendered":"Elida Cuesta en La Bienal: \u201cQueremos vivir la cultura y estar cerca de nuestro pueblo\u201d"},"content":{"rendered":"\n<h6 class=\"wp-block-heading\"><\/h6>\n\n\n\n<p>La presidenta del Poder Legislativo, Elida Cuesta, resalt\u00f3 que la Bienal Internacional de Escultura es un evento masivo que permite a las y los chaque\u00f1os vivir la cultura y la Casa de la Democracia no pod\u00eda estar ajena al sentir del pueblo. \u201cEste evento nos permite incentivar la cultura del encuentro y estamos orgullosos de compartirlo con nuestra gente\u201d, asegur\u00f3.\u00a0<\/p>\n\n\n\n<p>Adem\u00e1s, la legisladora destac\u00f3 la importancia de que la gente pueda disfrutar de este evento de envergadura internacional para toda la familia. \u201cFueron dos a\u00f1os muy dif\u00edciles para todos, en los cuales las y los chaque\u00f1os perdimos mucho. Por eso nos emociona ver a los j\u00f3venes, a los ni\u00f1os y a todas las familias compartir y disfrutar de la cultura, pero tambi\u00e9n el arte\u201d, remarc\u00f3.&nbsp;<\/p>\n\n\n\n<p>La titular del cuerpo legislativo dijo que las y los ciudadanos y visitantes tambi\u00e9n pueden ver toda la capacidad y el desarrollo productivo de la provincia. \u201cAdem\u00e1s de compartir con los escultores y los artistas, la gente puede disfrutar de todo el potencial del sector privado. Esto es importante tanto para las y los comerciantes como para todos los que producen, porque genera movimiento en la econom\u00eda en estos tiempos tan dif\u00edciles\u201d, asever\u00f3.&nbsp;<\/p>\n\n\n\n<p>Por \u00faltimo, Cuesta invit\u00f3 a la comunidad a visitar el stand del Poder Legislativo para divertirse con los juegos interactivos y conocer la historia de la Patria: \u201cQuiero invitar a todas y todos a que vengan a nuestro espacio, que lo llevamos adelante con mucho esfuerzo, en el cual se puede disfrutar de juegos educativos e interactivos como el Mini Poder Legislativo, fotografiarse en una banca de nuestra Casa de la Democracia y revivir la historia contemplando r\u00e9plicas aut\u00e9nticas del sable de batalla del General San Mart\u00edn, adem\u00e1s de los bastones presidenciales de Juan Domingo Per\u00f3n y Ra\u00fal Alfons\u00edn\u201d.<\/p>\n","protected":false},"excerpt":{"rendered":"<p>La presidenta del Poder Legislativo, Elida Cuesta, resalt\u00f3 que la Bienal Internacional de Escultura es un evento masivo que permite a las y los chaque\u00f1os vivir la cultura y la Casa de la Democracia no pod\u00eda estar ajena al sentir del pueblo. \u201cEste evento nos permite incentivar la cultura del encuentro y estamos orgullosos de [&hellip;]<\/p>\n","protected":false},"author":1,"featured_media":16389,"comment_status":"closed","ping_status":"closed","sticky":false,"template":"","format":"standard","meta":{"footnotes":""},"categories":[6],"tags":[],"class_list":{"0":"post-16388","1":"post","2":"type-post","3":"status-publish","4":"format-standard","5":"has-post-thumbnail","7":"category-chaco"},"_links":{"self":[{"href":"https:\/\/chacosintesis.com.ar\/index.php\/wp-json\/wp\/v2\/posts\/16388","targetHints":{"allow":["GET"]}}],"collection":[{"href":"https:\/\/chacosintesis.com.ar\/index.php\/wp-json\/wp\/v2\/posts"}],"about":[{"href":"https:\/\/chacosintesis.com.ar\/index.php\/wp-json\/wp\/v2\/types\/post"}],"author":[{"embeddable":true,"href":"https:\/\/chacosintesis.com.ar\/index.php\/wp-json\/wp\/v2\/users\/1"}],"replies":[{"embeddable":true,"href":"https:\/\/chacosintesis.com.ar\/index.php\/wp-json\/wp\/v2\/comments?post=16388"}],"version-history":[{"count":0,"href":"https:\/\/chacosintesis.com.ar\/index.php\/wp-json\/wp\/v2\/posts\/16388\/revisions"}],"wp:featuredmedia":[{"embeddable":true,"href":"https:\/\/chacosintesis.com.ar\/index.php\/wp-json\/wp\/v2\/media\/16389"}],"wp:attachment":[{"href":"https:\/\/chacosintesis.com.ar\/index.php\/wp-json\/wp\/v2\/media?parent=16388"}],"wp:term":[{"taxonomy":"category","embeddable":true,"href":"https:\/\/chacosintesis.com.ar\/index.php\/wp-json\/wp\/v2\/categories?post=16388"},{"taxonomy":"post_tag","embeddable":true,"href":"https:\/\/chacosintesis.com.ar\/index.php\/wp-json\/wp\/v2\/tags?post=16388"}],"curies":[{"name":"wp","href":"https:\/\/api.w.org\/{rel}","templated":true}]}}