{"id":16376,"date":"2022-07-16T21:23:02","date_gmt":"2022-07-17T00:23:02","guid":{"rendered":"https:\/\/chacosintesis.com.ar\/?p=16376"},"modified":"2022-07-16T21:36:46","modified_gmt":"2022-07-17T00:36:46","slug":"aislado-y-con-sintomas-leves-el-gobernador-confirmo-que-dio-positivo-para-coronavirus","status":"publish","type":"post","link":"https:\/\/chacosintesis.com.ar\/index.php\/aislado-y-con-sintomas-leves-el-gobernador-confirmo-que-dio-positivo-para-coronavirus\/","title":{"rendered":"Aislado y con s\u00edntomas leves, el gobernador confirm\u00f3 que dio positivo para coronavirus"},"content":{"rendered":"<p>A trav\u00e9s de sus redes sociales, el gobernador Jorge Capitanich confirm\u00f3 esta noche que dio positivo para Covid-19. El mandatario provincial se\u00f1al\u00f3 que su estado general es bueno y los s\u00edntomas son leves. \u201cMe siento bien\u201d, afirm\u00f3.<br \/>\nA su vez, record\u00f3 que tiene colocadas cuatro dosis de vacunas contra el coronavirus e inform\u00f3 que seguir\u00e1 trabajando, aislado, durante los cinco d\u00edas que exige el protocolo.<br \/>\n\u201cPor este motivo, suspendo todas las actividades presenciales que ten\u00eda previstas para esta semana\u201d, concluy\u00f3, e inst\u00f3 a la poblaci\u00f3n a seguir cuid\u00e1ndose.<\/p>\n","protected":false},"excerpt":{"rendered":"<p>A trav\u00e9s de sus redes sociales, el gobernador Jorge Capitanich confirm\u00f3 esta noche que dio positivo para Covid-19. El mandatario provincial se\u00f1al\u00f3 que su estado general es bueno y los s\u00edntomas son leves. \u201cMe siento bien\u201d, afirm\u00f3. A su vez, record\u00f3 que tiene colocadas cuatro dosis de vacunas contra el coronavirus e inform\u00f3 que seguir\u00e1 [&hellip;]<\/p>\n","protected":false},"author":1,"featured_media":16377,"comment_status":"closed","ping_status":"closed","sticky":false,"template":"","format":"standard","meta":{"footnotes":""},"categories":[6],"tags":[],"class_list":{"0":"post-16376","1":"post","2":"type-post","3":"status-publish","4":"format-standard","5":"has-post-thumbnail","7":"category-chaco"},"_links":{"self":[{"href":"https:\/\/chacosintesis.com.ar\/index.php\/wp-json\/wp\/v2\/posts\/16376","targetHints":{"allow":["GET"]}}],"collection":[{"href":"https:\/\/chacosintesis.com.ar\/index.php\/wp-json\/wp\/v2\/posts"}],"about":[{"href":"https:\/\/chacosintesis.com.ar\/index.php\/wp-json\/wp\/v2\/types\/post"}],"author":[{"embeddable":true,"href":"https:\/\/chacosintesis.com.ar\/index.php\/wp-json\/wp\/v2\/users\/1"}],"replies":[{"embeddable":true,"href":"https:\/\/chacosintesis.com.ar\/index.php\/wp-json\/wp\/v2\/comments?post=16376"}],"version-history":[{"count":0,"href":"https:\/\/chacosintesis.com.ar\/index.php\/wp-json\/wp\/v2\/posts\/16376\/revisions"}],"wp:featuredmedia":[{"embeddable":true,"href":"https:\/\/chacosintesis.com.ar\/index.php\/wp-json\/wp\/v2\/media\/16377"}],"wp:attachment":[{"href":"https:\/\/chacosintesis.com.ar\/index.php\/wp-json\/wp\/v2\/media?parent=16376"}],"wp:term":[{"taxonomy":"category","embeddable":true,"href":"https:\/\/chacosintesis.com.ar\/index.php\/wp-json\/wp\/v2\/categories?post=16376"},{"taxonomy":"post_tag","embeddable":true,"href":"https:\/\/chacosintesis.com.ar\/index.php\/wp-json\/wp\/v2\/tags?post=16376"}],"curies":[{"name":"wp","href":"https:\/\/api.w.org\/{rel}","templated":true}]}}