{"id":16370,"date":"2022-07-16T12:43:31","date_gmt":"2022-07-16T15:43:31","guid":{"rendered":"https:\/\/chacosintesis.com.ar\/?p=16370"},"modified":"2022-07-16T13:06:38","modified_gmt":"2022-07-16T16:06:38","slug":"fuerte-choque-entre-un-auto-y-una-camioneta-resulto-con-un-menor-lesionado","status":"publish","type":"post","link":"https:\/\/chacosintesis.com.ar\/index.php\/fuerte-choque-entre-un-auto-y-una-camioneta-resulto-con-un-menor-lesionado\/","title":{"rendered":"Fuerte choque entre un auto y una camioneta result\u00f3 con un menor lesionado"},"content":{"rendered":"<p>Minutos antes de las 10 de este s\u00e1bado, un autom\u00f3vil Volkswagen \u201cVirtus\u201d y una camioneta \u201cAmarok\u201d protagonizaron un choque sobre el kil\u00f3metro 935 de la Ruta Nacional N\u00b0 11, seg\u00fan reportaron desde la comisar\u00eda de Basail, quienes tomaron intervenci\u00f3n en el lugar.<br \/>\nDe acuerdo a lo informado por la Polic\u00eda, el auto era manejado por un hombre de 28 a\u00f1os, quien iba acompa\u00f1ado de dos mujeres de 27 y 37 a\u00f1os, y dos menores de 6 y 3 a\u00f1os, quienes no habr\u00edan sufrido lesiones. En la camioneta, viajaba un hombre de 45 a\u00f1os que oficiaba de conductor, junto a dos mujeres de 42 y 45 a\u00f1os y dos menores, uno de 12 a\u00f1os y otro de 7, quien habr\u00eda sido trasladado en ambulancia hacia el puesto sanitario local para ser atendido, aunque luego confirmaron que \u201cno posee lesiones\u201d.<br \/>\nPrecisaron que en el lugar estuvo presente el Puesto de Control Caminero Paralelo 28 y Gendarmer\u00eda Nacional, quienes habr\u00edan intervenido en la regulaci\u00f3n del tr\u00e1nsito. Posteriormente se retir\u00f3 el autom\u00f3vil de la calzada.<\/p>\n","protected":false},"excerpt":{"rendered":"<p>Minutos antes de las 10 de este s\u00e1bado, un autom\u00f3vil Volkswagen \u201cVirtus\u201d y una camioneta \u201cAmarok\u201d protagonizaron un choque sobre el kil\u00f3metro 935 de la Ruta Nacional N\u00b0 11, seg\u00fan reportaron desde la comisar\u00eda de Basail, quienes tomaron intervenci\u00f3n en el lugar. De acuerdo a lo informado por la Polic\u00eda, el auto era manejado por [&hellip;]<\/p>\n","protected":false},"author":1,"featured_media":16371,"comment_status":"closed","ping_status":"closed","sticky":false,"template":"","format":"standard","meta":{"footnotes":""},"categories":[6],"tags":[],"class_list":{"0":"post-16370","1":"post","2":"type-post","3":"status-publish","4":"format-standard","5":"has-post-thumbnail","7":"category-chaco"},"_links":{"self":[{"href":"https:\/\/chacosintesis.com.ar\/index.php\/wp-json\/wp\/v2\/posts\/16370","targetHints":{"allow":["GET"]}}],"collection":[{"href":"https:\/\/chacosintesis.com.ar\/index.php\/wp-json\/wp\/v2\/posts"}],"about":[{"href":"https:\/\/chacosintesis.com.ar\/index.php\/wp-json\/wp\/v2\/types\/post"}],"author":[{"embeddable":true,"href":"https:\/\/chacosintesis.com.ar\/index.php\/wp-json\/wp\/v2\/users\/1"}],"replies":[{"embeddable":true,"href":"https:\/\/chacosintesis.com.ar\/index.php\/wp-json\/wp\/v2\/comments?post=16370"}],"version-history":[{"count":0,"href":"https:\/\/chacosintesis.com.ar\/index.php\/wp-json\/wp\/v2\/posts\/16370\/revisions"}],"wp:featuredmedia":[{"embeddable":true,"href":"https:\/\/chacosintesis.com.ar\/index.php\/wp-json\/wp\/v2\/media\/16371"}],"wp:attachment":[{"href":"https:\/\/chacosintesis.com.ar\/index.php\/wp-json\/wp\/v2\/media?parent=16370"}],"wp:term":[{"taxonomy":"category","embeddable":true,"href":"https:\/\/chacosintesis.com.ar\/index.php\/wp-json\/wp\/v2\/categories?post=16370"},{"taxonomy":"post_tag","embeddable":true,"href":"https:\/\/chacosintesis.com.ar\/index.php\/wp-json\/wp\/v2\/tags?post=16370"}],"curies":[{"name":"wp","href":"https:\/\/api.w.org\/{rel}","templated":true}]}}