{"id":16364,"date":"2022-07-16T11:26:36","date_gmt":"2022-07-16T14:26:36","guid":{"rendered":"https:\/\/chacosintesis.com.ar\/?p=16364"},"modified":"2022-07-16T11:26:38","modified_gmt":"2022-07-16T14:26:38","slug":"video-carim-peche-hablo-del-nuevo-aumento-de-secheep","status":"publish","type":"post","link":"https:\/\/chacosintesis.com.ar\/index.php\/video-carim-peche-hablo-del-nuevo-aumento-de-secheep\/","title":{"rendered":"VIDEO | Carim Peche habl\u00f3 del nuevo aumento de Secheep"},"content":{"rendered":"\n<p>El Presidente del Bloque de Diputados del Chaco, Carim Peche particip\u00f3 de la audiencia p\u00fablica realizada por Secheep el viernes 15 de julio. <\/p>\n\n\n\n<figure class=\"wp-block-video\"><video height=\"848\" style=\"aspect-ratio: 480 \/ 848;\" width=\"480\" controls src=\"https:\/\/chacosintesis.com.ar\/wp-content\/uploads\/2022\/07\/VID-20220715-WA0061.mp4\"><\/video><\/figure>\n\n\n\n<p>En la misma pregunt\u00f3: <\/p>\n\n\n\n<p><strong>\u00bfQue hacen con la plata de todos los que si pagamos por el p\u00e9simo servicio que dan?<\/strong><\/p>\n\n\n\n<p>Adem\u00e1s agreg\u00f3: &#8220;La deuda con Cammesa se agiganta cada vez m\u00e1s y los bolsillos de los chaque\u00f1os ya no aguantan su mala administraci\u00f3n. Basta de relato&#8221;.<\/p>\n","protected":false},"excerpt":{"rendered":"<p>El Presidente del Bloque de Diputados del Chaco, Carim Peche particip\u00f3 de la audiencia p\u00fablica realizada por Secheep el viernes 15 de julio. En la misma pregunt\u00f3: \u00bfQue hacen con la plata de todos los que si pagamos por el p\u00e9simo servicio que dan? Adem\u00e1s agreg\u00f3: &#8220;La deuda con Cammesa se agiganta cada vez m\u00e1s [&hellip;]<\/p>\n","protected":false},"author":1,"featured_media":16366,"comment_status":"closed","ping_status":"closed","sticky":false,"template":"","format":"standard","meta":{"footnotes":""},"categories":[6],"tags":[],"class_list":{"0":"post-16364","1":"post","2":"type-post","3":"status-publish","4":"format-standard","5":"has-post-thumbnail","7":"category-chaco"},"_links":{"self":[{"href":"https:\/\/chacosintesis.com.ar\/index.php\/wp-json\/wp\/v2\/posts\/16364","targetHints":{"allow":["GET"]}}],"collection":[{"href":"https:\/\/chacosintesis.com.ar\/index.php\/wp-json\/wp\/v2\/posts"}],"about":[{"href":"https:\/\/chacosintesis.com.ar\/index.php\/wp-json\/wp\/v2\/types\/post"}],"author":[{"embeddable":true,"href":"https:\/\/chacosintesis.com.ar\/index.php\/wp-json\/wp\/v2\/users\/1"}],"replies":[{"embeddable":true,"href":"https:\/\/chacosintesis.com.ar\/index.php\/wp-json\/wp\/v2\/comments?post=16364"}],"version-history":[{"count":0,"href":"https:\/\/chacosintesis.com.ar\/index.php\/wp-json\/wp\/v2\/posts\/16364\/revisions"}],"wp:featuredmedia":[{"embeddable":true,"href":"https:\/\/chacosintesis.com.ar\/index.php\/wp-json\/wp\/v2\/media\/16366"}],"wp:attachment":[{"href":"https:\/\/chacosintesis.com.ar\/index.php\/wp-json\/wp\/v2\/media?parent=16364"}],"wp:term":[{"taxonomy":"category","embeddable":true,"href":"https:\/\/chacosintesis.com.ar\/index.php\/wp-json\/wp\/v2\/categories?post=16364"},{"taxonomy":"post_tag","embeddable":true,"href":"https:\/\/chacosintesis.com.ar\/index.php\/wp-json\/wp\/v2\/tags?post=16364"}],"curies":[{"name":"wp","href":"https:\/\/api.w.org\/{rel}","templated":true}]}}