{"id":16360,"date":"2022-07-16T10:54:45","date_gmt":"2022-07-16T13:54:45","guid":{"rendered":"https:\/\/chacosintesis.com.ar\/?p=16360"},"modified":"2022-07-16T11:00:27","modified_gmt":"2022-07-16T14:00:27","slug":"con-el-izamiento-de-las-banderas-arranco-la-bienal-internacional-de-las-esculturas-2022","status":"publish","type":"post","link":"https:\/\/chacosintesis.com.ar\/index.php\/con-el-izamiento-de-las-banderas-arranco-la-bienal-internacional-de-las-esculturas-2022\/","title":{"rendered":"Con el izamiento de las banderas arranc\u00f3 la Bienal Internacional de las Esculturas 2022"},"content":{"rendered":"<p>El evento cultural m\u00e1s esperado arranc\u00f3 este s\u00e1bado a las 9:30 con el izamiento de las banderas, dando inicio a la Bienal Internacional de las Esculturas &#8220;Legado&#8221; edici\u00f3n 2022.<br \/>\n Bajo un fr\u00edo de 6 grados y una leve llovizna, se dio inicio este sabado a la edici\u00f3n 2022 de la Bienal de Esculturas en Resistencia con un emocionante homenaje a Fabriciano G\u00f3mez.<br \/>\nEl megaevento se desarrolla en el predio que conforman el Domo del Centenario &#8220;Zitto Segovia&#8221;, el Paseo Costanero y el Parque Intercultural 2 de Febrero.<br \/>\n Como es costumbre, la organizaci\u00f3n de este megaevento cultural puso en agenda una variada y nutrida selecci\u00f3n de actividades paralelas al certamen, donde escultores de distintas partes del mundo dar\u00e1n forma a sus obras a partir de hoy hasta el 23 de julio.<br \/>\nOrganizado por la Fundaci\u00f3n Urunday, tendr\u00e1 la presencia de escultores que trabajar\u00e1n durante una semana para darle forma a sus obras.<br \/>\nCabe resaltar que habr\u00e1 espect\u00e1culos hasta el domingo 24 de julio, para que la gente pueda disfrutar hasta el d\u00eda siguiente del cierre del evento cultural.<br \/>\n Se prev\u00e9n shows circenses, danzas folcl\u00f3ricas, entretenimiento y juegos para los m\u00e1s chicos, y dem\u00e1s iniciativas de car\u00e1cter cultural con sedes en Isla de los Peques, Anfiteatro, Punto de Encuentro, Paseo de las Artes y la Carpa Cabecera (todos en el Parque 2 de Febrero y el Domo del Centenario), adem\u00e1s de la Peatonal.<br \/>\nHabr\u00e1 dos noches de galer\u00edas con recorridos por todos los centros de arte de la ciudad, exposiciones, talleres y presentaci\u00f3n de artistas pl\u00e1sticos.<br \/>\nHabr\u00e1 shows de m\u00fasica y baile en vivo de diferentes ritmos, como folclore, \u00e1rabe, contempor\u00e1neo y cl\u00e1sico, as\u00ed como cantantes, bandas y la actuaci\u00f3n de la Banda Municipal y de la revelaci\u00f3n 2022 de Cosqu\u00edn: la academia Duartango.<br \/>\nLos ni\u00f1os y ni\u00f1as tendr\u00e1n la posibilidad de disfrutar de &#8220;Chaque el Circo&#8221; y show de t\u00edteres.<br \/>\nHabr\u00e1 cantantes y bandas reconocidas como ser Maxi Pachecoy, Lucas Monz\u00f3n, Peteco Carabajal, Stratus, Las Guaynas Por\u00e1, C-Govias, Agarrate Catalina, La Gavil\u00e1n, Miss Bolivia, Juan Carlos Baglietto, Lito Vitale y La Delio Valdez.<br \/>\nCronograma de actividades<br \/>\n9:30 &#8211; ACTO DE APERTURA: izamiento de banderas &#8211; Predio Bienal 10 a 22 &#8211; FERIA DE ARTE, ARTESAN\u00cdA Y DISE\u00d1O &#8211; Predio Bienal 10 a 22 &#8211; EXPO INDUSTRIA Y COMERCIO &#8211; Predio Bienal 10 a 20:30 &#8211; Funciones de teatro, circo, t\u00edteres y magia. Clases abiertas y talleres &#8211; Escenario Galatea 11:30 a 22 &#8211; ENCUENTRO DE MAESTROS ARTESANOS ARGENTINOS &#8211; Predio Bienal 11:30 a 22 &#8211; ENCUENTRO DE ARTESANOS DE PUEBLOS ORIGINARIOS &#8211; Predio Bienal 14 a 21:40 &#8211; AGIT\u00c1 LA BIENAL: expresiones art\u00edsticas urbanas y emergentes &#8211; Anfiteatro 14 &#8211; Intercambio de libros &#8211; Paseo de las Artes 14 &#8211; Zeta Yeyati &#8211; Carpa Cabecera 14 &#8211; ISLA DE LOS PEQUES: Taller de armado de barriletes \/ Actividades art\u00edsticas &#8211; Laberinto saludable &#8211; Inflables &#8211; Bicibotes &#8211; 14:30 horas. 15 &#8211; Artistas pl\u00e1sticos exponiendo y pintando en vivo 15 &#8211; Chaque el Circo &#8211; Anfiteatro 15 &#8211; Show de DJ &#8211; Paseo Costanero 16:30 &#8211; Capit\u00e1n Teuco &#8211; Anfiteatro 14:30 a 18:45 &#8211; BIENAL INTERNACIONAL DE ESCULTURA &#8211; Predio Bienal 14:30 a 18:45 &#8211; ENCUENTRO DE ESCULTORES INVITADOS &#8211; Predio Bienal 16 &#8211; Cl\u00ednica: Distorsi\u00f3n visual en la Escultura Paraguaya &#8211; Carpa Cabecera 16 &#8211; Danza contempor\u00e1nea, folklore y ritmos latinos &#8211; Punto de encuentro 17 &#8211; Cl\u00ednica: Manifestaciones art\u00edsticas de los \u00b460 y \u00b470 en Paraguay 17 &#8211; Escuela Municipal de Danzas Cl\u00e1sicas e Internacionales &#8211; Peatonal 17 a 21 &#8211; Exposici\u00f3n del Museo de Calcos y Escultura &#8220;Ernesto de la C\u00e1rcova&#8221; &#8211; ISPEABA 18:30 &#8211; Show de DJ &#8211; Peatonal 18:45 &#8211; Inauguraci\u00f3n Homenaje a la Bienal del Chaco &#8220;Legado&#8221;: Poder Legislativo del Chaco &#8211; Predio Bienal 19 &#8211; EXPOSICI\u00d3N ASOCIACI\u00d3N ESCULTORES CHAQUE\u00d1OS: Inauguraci\u00f3n &#8211; Domo del Centenario Hall 20:30 &#8211; NOVENA SINFON\u00cdA DE BEETHOVEN: Orquesta sinf\u00f3nica del Chaco y Coro Polif\u00f3nico de Resistencia &#8211; Domo del Centenario<br \/>\n DIARIO NORTE.-<\/p>\n","protected":false},"excerpt":{"rendered":"<p>El evento cultural m\u00e1s esperado arranc\u00f3 este s\u00e1bado a las 9:30 con el izamiento de las banderas, dando inicio a la Bienal Internacional de las Esculturas &#8220;Legado&#8221; edici\u00f3n 2022. Bajo un fr\u00edo de 6 grados y una leve llovizna, se dio inicio este sabado a la edici\u00f3n 2022 de la Bienal de Esculturas en Resistencia [&hellip;]<\/p>\n","protected":false},"author":1,"featured_media":16361,"comment_status":"closed","ping_status":"closed","sticky":false,"template":"","format":"standard","meta":{"footnotes":""},"categories":[6],"tags":[197],"class_list":{"0":"post-16360","1":"post","2":"type-post","3":"status-publish","4":"format-standard","5":"has-post-thumbnail","7":"category-chaco","8":"tag-destacada"},"_links":{"self":[{"href":"https:\/\/chacosintesis.com.ar\/index.php\/wp-json\/wp\/v2\/posts\/16360","targetHints":{"allow":["GET"]}}],"collection":[{"href":"https:\/\/chacosintesis.com.ar\/index.php\/wp-json\/wp\/v2\/posts"}],"about":[{"href":"https:\/\/chacosintesis.com.ar\/index.php\/wp-json\/wp\/v2\/types\/post"}],"author":[{"embeddable":true,"href":"https:\/\/chacosintesis.com.ar\/index.php\/wp-json\/wp\/v2\/users\/1"}],"replies":[{"embeddable":true,"href":"https:\/\/chacosintesis.com.ar\/index.php\/wp-json\/wp\/v2\/comments?post=16360"}],"version-history":[{"count":0,"href":"https:\/\/chacosintesis.com.ar\/index.php\/wp-json\/wp\/v2\/posts\/16360\/revisions"}],"wp:featuredmedia":[{"embeddable":true,"href":"https:\/\/chacosintesis.com.ar\/index.php\/wp-json\/wp\/v2\/media\/16361"}],"wp:attachment":[{"href":"https:\/\/chacosintesis.com.ar\/index.php\/wp-json\/wp\/v2\/media?parent=16360"}],"wp:term":[{"taxonomy":"category","embeddable":true,"href":"https:\/\/chacosintesis.com.ar\/index.php\/wp-json\/wp\/v2\/categories?post=16360"},{"taxonomy":"post_tag","embeddable":true,"href":"https:\/\/chacosintesis.com.ar\/index.php\/wp-json\/wp\/v2\/tags?post=16360"}],"curies":[{"name":"wp","href":"https:\/\/api.w.org\/{rel}","templated":true}]}}