{"id":16344,"date":"2022-07-14T22:21:40","date_gmt":"2022-07-15T01:21:40","guid":{"rendered":"https:\/\/chacosintesis.com.ar\/?p=16344"},"modified":"2022-07-14T22:37:20","modified_gmt":"2022-07-15T01:37:20","slug":"la-bienal-propone-variada-agenda-de-actividades-gratuitas-y-culturales-para-todo-publico","status":"publish","type":"post","link":"https:\/\/chacosintesis.com.ar\/index.php\/la-bienal-propone-variada-agenda-de-actividades-gratuitas-y-culturales-para-todo-publico\/","title":{"rendered":"La Bienal propone variada agenda de actividades gratuitas y culturales para todo p\u00fablico"},"content":{"rendered":"<p>En el Domo del Centenario \u201cZitto Segovia\u201d, el Paseo Costanero y el Parque Intercultural 2 de Febrero, inicia la Bienal 2022 con diversas propuestas art\u00edsticas. Desde este fin de semana, participan escultores de todo el mundo para el disfrute de toda la familia.<br \/>\nEl evento -organizado por la Fundaci\u00f3n Urunday, el gobierno provincial y el municipio de Resistencia- ofrece una variada agenda de actividades gratuitas y culturales para todo p\u00fablico. La propuesta contar\u00e1 con shows circenses, muestras folcl\u00f3ricas, entretenimiento, juegos para ni\u00f1os y ni\u00f1as, y dem\u00e1s iniciativas de car\u00e1cter cultural con diversos espacios como Isla de los Peques, Anfiteatro, Punto de Encuentro, Paseo de las Artes y la Carpa Cabecera (que estar\u00e1n en el Parque 2 de Febrero y el Domo del Centenario), adem\u00e1s de la Peatonal.<br \/>\nEntre las actividades habr\u00e1 noches de galer\u00edas con recorridos por los centros de arte de la ciudad, exposiciones, talleres y presentaci\u00f3n de artistas pl\u00e1sticos. Se podr\u00e1 disfrutar de shows de m\u00fasica y baile en vivo de diferentes ritmos, como folclore, \u00e1rabe, contempor\u00e1neo y cl\u00e1sico, as\u00ed como cantantes, bandas y la actuaci\u00f3n de la Banda Municipal y de la academia Duartango. Los ni\u00f1os y ni\u00f1as tendr\u00e1n la posibilidad de disfrutar de \u201cChaque el Circo\u201d y show de t\u00edteres.<br \/>\nParticipar\u00e1n cantantes y bandas como ser Miss Bolivia, La Delio Valdez, Maxi Pachecoy, Lucas Monz\u00f3n, Peteco Carabajal, Stratus, Las Guaynas Por\u00e1, C-Govias, Agarrate Catalina, La Gavil\u00e1n, Juan Carlos Baglietto y Lito Vitale.<\/p>\n","protected":false},"excerpt":{"rendered":"<p>En el Domo del Centenario \u201cZitto Segovia\u201d, el Paseo Costanero y el Parque Intercultural 2 de Febrero, inicia la Bienal 2022 con diversas propuestas art\u00edsticas. Desde este fin de semana, participan escultores de todo el mundo para el disfrute de toda la familia. El evento -organizado por la Fundaci\u00f3n Urunday, el gobierno provincial y el [&hellip;]<\/p>\n","protected":false},"author":1,"featured_media":16345,"comment_status":"closed","ping_status":"closed","sticky":false,"template":"","format":"standard","meta":{"footnotes":""},"categories":[6],"tags":[],"class_list":{"0":"post-16344","1":"post","2":"type-post","3":"status-publish","4":"format-standard","5":"has-post-thumbnail","7":"category-chaco"},"_links":{"self":[{"href":"https:\/\/chacosintesis.com.ar\/index.php\/wp-json\/wp\/v2\/posts\/16344","targetHints":{"allow":["GET"]}}],"collection":[{"href":"https:\/\/chacosintesis.com.ar\/index.php\/wp-json\/wp\/v2\/posts"}],"about":[{"href":"https:\/\/chacosintesis.com.ar\/index.php\/wp-json\/wp\/v2\/types\/post"}],"author":[{"embeddable":true,"href":"https:\/\/chacosintesis.com.ar\/index.php\/wp-json\/wp\/v2\/users\/1"}],"replies":[{"embeddable":true,"href":"https:\/\/chacosintesis.com.ar\/index.php\/wp-json\/wp\/v2\/comments?post=16344"}],"version-history":[{"count":0,"href":"https:\/\/chacosintesis.com.ar\/index.php\/wp-json\/wp\/v2\/posts\/16344\/revisions"}],"wp:featuredmedia":[{"embeddable":true,"href":"https:\/\/chacosintesis.com.ar\/index.php\/wp-json\/wp\/v2\/media\/16345"}],"wp:attachment":[{"href":"https:\/\/chacosintesis.com.ar\/index.php\/wp-json\/wp\/v2\/media?parent=16344"}],"wp:term":[{"taxonomy":"category","embeddable":true,"href":"https:\/\/chacosintesis.com.ar\/index.php\/wp-json\/wp\/v2\/categories?post=16344"},{"taxonomy":"post_tag","embeddable":true,"href":"https:\/\/chacosintesis.com.ar\/index.php\/wp-json\/wp\/v2\/tags?post=16344"}],"curies":[{"name":"wp","href":"https:\/\/api.w.org\/{rel}","templated":true}]}}