{"id":16340,"date":"2022-07-14T12:53:55","date_gmt":"2022-07-14T15:53:55","guid":{"rendered":"https:\/\/chacosintesis.com.ar\/?p=16340"},"modified":"2022-07-14T13:06:51","modified_gmt":"2022-07-14T16:06:51","slug":"a-partir-del-1-de-agosto-comenzara-la-inscripcion-para-segmentacion-de-tarifas-confirmo-cerruti","status":"publish","type":"post","link":"https:\/\/chacosintesis.com.ar\/index.php\/a-partir-del-1-de-agosto-comenzara-la-inscripcion-para-segmentacion-de-tarifas-confirmo-cerruti\/","title":{"rendered":"A partir del 1\u00b0 de agosto comenzar\u00e1 la inscripci\u00f3n para segmentaci\u00f3n de tarifas, confirm\u00f3 Cerruti"},"content":{"rendered":"<p>La portavoz de la Presidencia, Gabriela Cerruti, confirm\u00f3 que, a partir de ma\u00f1ana, estar\u00e1 disponible tanto en la p\u00e1gina <a href=\"http:\/\/www.argentina.gob.ar\">www.argentina.gob.ar<\/a> como a trav\u00e9s de la aplicaci\u00f3n Mi Argentina el formulario para la inscripci\u00f3n de usuarios y usuarios de cara a la segmentaci\u00f3n de las tarifas, que, seg\u00fan indic\u00f3, &#8220;comenzar\u00e1 a regir a partir del 1 de agosto&#8221;.<br \/>\n&#8220;A partir del 1 de agosto comenzar\u00e1n a regir las tarifas de acuerdo con las tres franjas fijadas por el decreto dictado hace un mes por el presidente Alberto Fern\u00e1ndez&#8221;, asever\u00f3 Cerruti en su habitual conferencia de prensa de los jueves en la Casa de Gobierno.<\/p>\n<p>Fuente: T\u00e9lam<\/p>\n","protected":false},"excerpt":{"rendered":"<p>La portavoz de la Presidencia, Gabriela Cerruti, confirm\u00f3 que, a partir de ma\u00f1ana, estar\u00e1 disponible tanto en la p\u00e1gina www.argentina.gob.ar como a trav\u00e9s de la aplicaci\u00f3n Mi Argentina el formulario para la inscripci\u00f3n de usuarios y usuarios de cara a la segmentaci\u00f3n de las tarifas, que, seg\u00fan indic\u00f3, &#8220;comenzar\u00e1 a regir a partir del 1 [&hellip;]<\/p>\n","protected":false},"author":1,"featured_media":16341,"comment_status":"closed","ping_status":"closed","sticky":false,"template":"","format":"standard","meta":{"footnotes":""},"categories":[6],"tags":[197],"class_list":{"0":"post-16340","1":"post","2":"type-post","3":"status-publish","4":"format-standard","5":"has-post-thumbnail","7":"category-chaco","8":"tag-destacada"},"_links":{"self":[{"href":"https:\/\/chacosintesis.com.ar\/index.php\/wp-json\/wp\/v2\/posts\/16340","targetHints":{"allow":["GET"]}}],"collection":[{"href":"https:\/\/chacosintesis.com.ar\/index.php\/wp-json\/wp\/v2\/posts"}],"about":[{"href":"https:\/\/chacosintesis.com.ar\/index.php\/wp-json\/wp\/v2\/types\/post"}],"author":[{"embeddable":true,"href":"https:\/\/chacosintesis.com.ar\/index.php\/wp-json\/wp\/v2\/users\/1"}],"replies":[{"embeddable":true,"href":"https:\/\/chacosintesis.com.ar\/index.php\/wp-json\/wp\/v2\/comments?post=16340"}],"version-history":[{"count":0,"href":"https:\/\/chacosintesis.com.ar\/index.php\/wp-json\/wp\/v2\/posts\/16340\/revisions"}],"wp:featuredmedia":[{"embeddable":true,"href":"https:\/\/chacosintesis.com.ar\/index.php\/wp-json\/wp\/v2\/media\/16341"}],"wp:attachment":[{"href":"https:\/\/chacosintesis.com.ar\/index.php\/wp-json\/wp\/v2\/media?parent=16340"}],"wp:term":[{"taxonomy":"category","embeddable":true,"href":"https:\/\/chacosintesis.com.ar\/index.php\/wp-json\/wp\/v2\/categories?post=16340"},{"taxonomy":"post_tag","embeddable":true,"href":"https:\/\/chacosintesis.com.ar\/index.php\/wp-json\/wp\/v2\/tags?post=16340"}],"curies":[{"name":"wp","href":"https:\/\/api.w.org\/{rel}","templated":true}]}}