{"id":16330,"date":"2022-07-14T08:15:39","date_gmt":"2022-07-14T11:15:39","guid":{"rendered":"https:\/\/chacosintesis.com.ar\/?p=16330"},"modified":"2022-07-14T08:36:38","modified_gmt":"2022-07-14T11:36:38","slug":"espacio-de-los-escultores-fabriciano-gomez-se-llama-el-predio-de-la-bienal-donde-se-labraran-las-principales-obras","status":"publish","type":"post","link":"https:\/\/chacosintesis.com.ar\/index.php\/espacio-de-los-escultores-fabriciano-gomez-se-llama-el-predio-de-la-bienal-donde-se-labraran-las-principales-obras\/","title":{"rendered":"\u201cEspacio de los Escultores Fabriciano G\u00f3mez\u201d se llama el predio de la Bienal donde se labrar\u00e1n las principales obras"},"content":{"rendered":"<p>Con el recuerdo imborrable del gran escultor y de su legado, el gobernador, la vicegobernadora y el intendente descubrieron una placa con el nombre, junto al titular de la Fundaci\u00f3n Urunday y sucesor de Fabriciano, Jos\u00e9 Sebasti\u00e1n Eidman.<br \/>\nEl gobernador Jorge Capitanich, la vicegobernadora Anal\u00eda Rach Quiroga y el intendente de Resistencia, Gustavo Mart\u00ednez concretaron esta noche la imposici\u00f3n del nombre \u2018Fabriciano G\u00f3mez\u2019 al espacio de la Bienal de Escultura donde trabajar\u00e1n los diez escultores de distintas partes del mundo que participan del concurso internacional. En la ocasi\u00f3n, estuvieron acompa\u00f1ados por el anfitri\u00f3n, el presidente de la Fundaci\u00f3n Urunday, Jos\u00e9 Sebasti\u00e1n Eidman.<br \/>\nA trav\u00e9s del Decreto 1367\/22, se establece que el primero de los ingresos al predio, frente al sal\u00f3n de convenciones, adquiera el nombre de \u201cEspacio de los Escultores Fabriciano G\u00f3mez\u201d.<br \/>\n\u201cEsta es una tarea conjunta con el municipio, porque el 26 de marzo nos comprometimos, en homenaje a Fabriciano, a hacer el acto de imposici\u00f3n de su nombre a este espacio de escultores\u201d, record\u00f3 el mandatario chaque\u00f1o.<br \/>\n\u201cEsta es la primera Bienal sin \u00e9l f\u00edsicamente, pero \u00e9l nos anima espiritualmente. Ser\u00e1 algo in\u00e9dito, es una sensaci\u00f3n muy compleja no verlo a \u00e9l con lo que significaba cada Bienal\u201d, grafic\u00f3 Capitanich.<br \/>\nAs\u00ed, el gobernador revaloriz\u00f3 una vez m\u00e1s \u201cel legado hist\u00f3rico\u201d, de quien \u201cfue un mentor extraordinario para muchos artistas y un \u00edcono insustituible de nuestra cultura provincial, nacional y mundial\u201d. \u201cEste es un merecido y justo homenaje\u201d, subray\u00f3.<br \/>\n Mart\u00ednez: \u201cEs el acto de mayor justicia\u201d<br \/>\nEl intendente Gustavo Mart\u00ednez habl\u00f3 de \u201cconsolidar la identidad de este espacio, de gran significancia\u201d con la imposici\u00f3n del nombre de Fabriciano G\u00f3mez.<br \/>\n\u201cEsta acci\u00f3n del gobierno provincial, de lograr que el espacio donde est\u00e1 referenciado el desarrollo de cada una de las obras que luego contribuir\u00e1n a la identidad en el espacio urbano de la ciudad, est\u00e9 identificado con el nombre de Fabriciano es el acto de mayor justicia\u201d, afirm\u00f3.<br \/>\n\u201cEl Domo del Centenario, el Parque 2 de Febrero y el Paseo Costanero han forjado lo que hoy es la identidad de la ciudad de Resistencia ante el mundo, como capital nacional de las Esculturas y capital del Mercosur de las Esculturas. Esperamos que, a trav\u00e9s de la Unesco, podamos ser tambi\u00e9n la capital mundial\u201d, indic\u00f3 Mart\u00ednez.<br \/>\nAdem\u00e1s, eEl jefe comunal destac\u00f3 que Resistencia es \u201cla \u00fanica ciudad que tiene m\u00e1s de 600 esculturas al aire libre, de un valor incalculable, lo que fue forjado con esfuerzo y trabajo de toda la comunidad y de los distintos gobiernos, pero b\u00e1sicamente por Fabriciano G\u00f3mez\u201d<\/p>\n<p>Romero: \u201cEs cumplir un compromiso asumido\u201d<\/p>\n<p>El presidente del Instituto de Cultura, Francisco \u201cTete\u201d Romero, destac\u00f3 que la imposici\u00f3n del nombre al predio es \u201ccumplir un compromiso asumido\u201d por el gobernador cuando fue presentada la Bienal Internacional 2022, el 26 de marzo de este a\u00f1o.<br \/>\n\u201cA tres d\u00edas de la apertura formal, estamos cumpliendo ese compromiso\u201d, resalt\u00f3 el funcionario, indicando que fue colocada una placa que dice \u2018Espacio de escultores Fabriciano G\u00f3mez\u2019. \u201cEste es el escenario cl\u00e1sico donde ya est\u00e1n las diez piezas de m\u00e1rmol travertino tra\u00eddas de las canteras de San Juan\u201d, record\u00f3.<br \/>\n\u201cAsumir el legado de Fabriciano es la interpelaci\u00f3n a ese pueblo chaque\u00f1o que se cultiv\u00f3 y se transform\u00f3 en el sujeto protagonista de la Bienal\u201d, sum\u00f3 Romero.<\/p>\n<p>Ediman: \u201cEste es el centro del planeta, donde nacen las esculturas\u201d<br \/>\nLas palabras que transmitieron mayor emoci\u00f3n en la noche fueron las del presidente de la Fundaci\u00f3n Urunday, sucesor de Fabriciano, Jos\u00e9 Sebasti\u00e1n Eidman, con su recuerdo de quien fuera su gran maestro.<br \/>\n\u201cEra ni\u00f1o cuando empec\u00e9 a compartir con Fabri horas y d\u00edas, en Resistencia, en Buenos Aires, Francia o Jap\u00f3n, y estaba en su cercan\u00eda, escuchando relatos, silencios, tribulaciones, alegr\u00edas y ense\u00f1anzas. No hace falta decir que para m\u00ed Fabriciano adopt\u00f3 la figura de un padre. Lo sent\u00eda porque el cari\u00f1o y la intimidad me daban la pauta. Pero no sab\u00eda y no lo hubiera aceptado entonces que Fabri me dejar\u00eda tan pronto y con un mandato demasiado grande\u201d, traz\u00f3.<br \/>\n\u201cInnumerables veces me repet\u00eda una idea: dec\u00eda que el centro del planeta es donde est\u00e1 uno. Me parec\u00eda una frase con fuerza, con l\u00f3gica, que da eje y ayuda a plantearse y expandirse, que invita a grandes desaf\u00edos y a tomar conciencia de que ac\u00e1, en este mi lugar, est\u00e1 el centro del universo. Una de las tantas veces que repet\u00eda aquella idea, camin\u00e1bamos por este mismo espacio. Y volvi\u00f3 a decir \u2018mi centro, el centro del plantea, est\u00e1 ac\u00e1\u2019. Y apunt\u00f3 a sus pies. Como una idea que se le acababa de revelar, dijo mi centro del planeta est\u00e1 ac\u00e1 donde nacen las esculturas. Ahora, a d\u00edas del inicio de la Bienal 2022, la Bienal de Fabriciano y la Bienal sin Fabriciano, el gobernador impone el nombre al lugar m\u00e1s importante del predio\u201d, relat\u00f3 y resalt\u00f3.<br \/>\nDijo as\u00ed que \u201cla carga simb\u00f3lica, m\u00e1gica y filos\u00f3fica de este momento y de esta materializaci\u00f3n me hace sentir muy fuerte y agradecido. Hace que el mandato de continuar la huella y seguir el camino sea m\u00e1s liviano, m\u00e1s hermoso. En nombre de la Fundaci\u00f3n Urunday, muchas gracias gobernador por esta gran iniciativa\u201d, cerr\u00f3.<\/p>\n","protected":false},"excerpt":{"rendered":"<p>Con el recuerdo imborrable del gran escultor y de su legado, el gobernador, la vicegobernadora y el intendente descubrieron una placa con el nombre, junto al titular de la Fundaci\u00f3n Urunday y sucesor de Fabriciano, Jos\u00e9 Sebasti\u00e1n Eidman. El gobernador Jorge Capitanich, la vicegobernadora Anal\u00eda Rach Quiroga y el intendente de Resistencia, Gustavo Mart\u00ednez concretaron [&hellip;]<\/p>\n","protected":false},"author":1,"featured_media":16331,"comment_status":"closed","ping_status":"closed","sticky":false,"template":"","format":"standard","meta":{"footnotes":""},"categories":[6],"tags":[],"class_list":{"0":"post-16330","1":"post","2":"type-post","3":"status-publish","4":"format-standard","5":"has-post-thumbnail","7":"category-chaco"},"_links":{"self":[{"href":"https:\/\/chacosintesis.com.ar\/index.php\/wp-json\/wp\/v2\/posts\/16330","targetHints":{"allow":["GET"]}}],"collection":[{"href":"https:\/\/chacosintesis.com.ar\/index.php\/wp-json\/wp\/v2\/posts"}],"about":[{"href":"https:\/\/chacosintesis.com.ar\/index.php\/wp-json\/wp\/v2\/types\/post"}],"author":[{"embeddable":true,"href":"https:\/\/chacosintesis.com.ar\/index.php\/wp-json\/wp\/v2\/users\/1"}],"replies":[{"embeddable":true,"href":"https:\/\/chacosintesis.com.ar\/index.php\/wp-json\/wp\/v2\/comments?post=16330"}],"version-history":[{"count":0,"href":"https:\/\/chacosintesis.com.ar\/index.php\/wp-json\/wp\/v2\/posts\/16330\/revisions"}],"wp:featuredmedia":[{"embeddable":true,"href":"https:\/\/chacosintesis.com.ar\/index.php\/wp-json\/wp\/v2\/media\/16331"}],"wp:attachment":[{"href":"https:\/\/chacosintesis.com.ar\/index.php\/wp-json\/wp\/v2\/media?parent=16330"}],"wp:term":[{"taxonomy":"category","embeddable":true,"href":"https:\/\/chacosintesis.com.ar\/index.php\/wp-json\/wp\/v2\/categories?post=16330"},{"taxonomy":"post_tag","embeddable":true,"href":"https:\/\/chacosintesis.com.ar\/index.php\/wp-json\/wp\/v2\/tags?post=16330"}],"curies":[{"name":"wp","href":"https:\/\/api.w.org\/{rel}","templated":true}]}}