{"id":16326,"date":"2022-07-13T17:34:13","date_gmt":"2022-07-13T20:34:13","guid":{"rendered":"https:\/\/chacosintesis.com.ar\/?p=16326"},"modified":"2022-07-13T17:36:47","modified_gmt":"2022-07-13T20:36:47","slug":"carim-peche-hay-un-mandato-social-silencioso-que-reclama-mas-gestos-y-menos-protagonismos","status":"publish","type":"post","link":"https:\/\/chacosintesis.com.ar\/index.php\/carim-peche-hay-un-mandato-social-silencioso-que-reclama-mas-gestos-y-menos-protagonismos\/","title":{"rendered":"Carim Peche: &#8221; Hay un mandato social silencioso que reclama m\u00e1s gestos y menos protagonismos&#8221;"},"content":{"rendered":"<p>Encabezada por el presidente del bloque de diputados de la UCR, Carim Peche, se realiz\u00f3 una reuni\u00f3n de dirigentes de Convergencia Social de Resistencia de la que participaron tambi\u00e9n legisladores nacionales y provinciales mandato cumplido y en gesti\u00f3n, concejales, los presidentes de la Juventud Radical de Convergencia Social de Resistencia y del Chaco, ex ministros y funcionarios de las gestiones de gobierno entre otros destacados referentes partidarios y referentes gremiales entre otros.<br \/>\n La convocatoria se inici\u00f3 con palabras del diputado Carim Peche quien luego de agradecer la concurrencia y el afecto de los presentes, ofreci\u00f3 un informe de la situaci\u00f3n econ\u00f3mica y social de la provincia \u201cEl Chaco no est\u00e1 bien, todos sus indicadores tiene las luces de alarma encendida: pobreza, indigencia, calidad educativa, calidad del servicio de salud, calidad institucional, servicios p\u00fablicos deficientes,  inseguridad, salarios y jubilaciones por debajo de la l\u00ednea de pobreza, imposibilidad de circular libremente, y as\u00ed una lista interminable de problemas\u201d<br \/>\n \u201cPara dar un ejemplo, este viernes el gobierno provincial realiza una audiencia p\u00fablica para aumentar en promedio un 45% la tarifa de Secheep en tanto que los aumentos salariales anunciados por el gobernador suman alrededor de un 28% para todo el a\u00f1o frente a una inflaci\u00f3n estimada por el Banco Central, y al d\u00eda de hoy,  en un 80%, no cabe duda alguna que representar\u00e1 un golpe muy duro a la econom\u00eda de las familias chaque\u00f1as\u201d<br \/>\n Seguidamente se refiri\u00f3 a la situaci\u00f3n pol\u00edtica y partidaria \u201cConvergencia Social cuenta con un recurso inagotable de mujeres y hombres con la capacidad intelectual y la integridad moral que necesita el Chaco para salir adelante, son tiempos en los que la ciudadan\u00eda reclama m\u00e1s gestos y menos protagonismos, y quienes no seamos capaces de comprender la fuerza impl\u00edcita  de ese mandato silencioso, no estaremos a la altura de las circunstancias, por eso, y m\u00e1s all\u00e1 de quien lleve la bandera,  debemos tener la capacidad de sostener con fuerza, compromiso, convicci\u00f3n y esperanza  el asta, para mantenerla en alto y erguida\u201d<br \/>\n Finalmente se\u00f1al\u00f3 \u201cEstoy hoy ac\u00e1 para decirles que voy a trabajar a la par  de cada uno de ustedes y de quienes tengan el mismo sue\u00f1o, de ver a nuestro Chaco de pi\u00e9, produciendo, creciendo y generando esperanza\u201d<\/p>\n","protected":false},"excerpt":{"rendered":"<p>Encabezada por el presidente del bloque de diputados de la UCR, Carim Peche, se realiz\u00f3 una reuni\u00f3n de dirigentes de Convergencia Social de Resistencia de la que participaron tambi\u00e9n legisladores nacionales y provinciales mandato cumplido y en gesti\u00f3n, concejales, los presidentes de la Juventud Radical de Convergencia Social de Resistencia y del Chaco, ex ministros [&hellip;]<\/p>\n","protected":false},"author":1,"featured_media":16327,"comment_status":"closed","ping_status":"closed","sticky":false,"template":"","format":"standard","meta":{"footnotes":""},"categories":[6],"tags":[],"class_list":{"0":"post-16326","1":"post","2":"type-post","3":"status-publish","4":"format-standard","5":"has-post-thumbnail","7":"category-chaco"},"_links":{"self":[{"href":"https:\/\/chacosintesis.com.ar\/index.php\/wp-json\/wp\/v2\/posts\/16326","targetHints":{"allow":["GET"]}}],"collection":[{"href":"https:\/\/chacosintesis.com.ar\/index.php\/wp-json\/wp\/v2\/posts"}],"about":[{"href":"https:\/\/chacosintesis.com.ar\/index.php\/wp-json\/wp\/v2\/types\/post"}],"author":[{"embeddable":true,"href":"https:\/\/chacosintesis.com.ar\/index.php\/wp-json\/wp\/v2\/users\/1"}],"replies":[{"embeddable":true,"href":"https:\/\/chacosintesis.com.ar\/index.php\/wp-json\/wp\/v2\/comments?post=16326"}],"version-history":[{"count":0,"href":"https:\/\/chacosintesis.com.ar\/index.php\/wp-json\/wp\/v2\/posts\/16326\/revisions"}],"wp:featuredmedia":[{"embeddable":true,"href":"https:\/\/chacosintesis.com.ar\/index.php\/wp-json\/wp\/v2\/media\/16327"}],"wp:attachment":[{"href":"https:\/\/chacosintesis.com.ar\/index.php\/wp-json\/wp\/v2\/media?parent=16326"}],"wp:term":[{"taxonomy":"category","embeddable":true,"href":"https:\/\/chacosintesis.com.ar\/index.php\/wp-json\/wp\/v2\/categories?post=16326"},{"taxonomy":"post_tag","embeddable":true,"href":"https:\/\/chacosintesis.com.ar\/index.php\/wp-json\/wp\/v2\/tags?post=16326"}],"curies":[{"name":"wp","href":"https:\/\/api.w.org\/{rel}","templated":true}]}}