{"id":16318,"date":"2022-07-13T09:20:32","date_gmt":"2022-07-13T12:20:32","guid":{"rendered":"https:\/\/chacosintesis.com.ar\/?p=16318"},"modified":"2022-07-13T09:36:52","modified_gmt":"2022-07-13T12:36:52","slug":"todo-lo-que-hay-que-saber-sobre-la-bienal-internacional-de-escultura-2022","status":"publish","type":"post","link":"https:\/\/chacosintesis.com.ar\/index.php\/todo-lo-que-hay-que-saber-sobre-la-bienal-internacional-de-escultura-2022\/","title":{"rendered":"Todo lo que hay que saber sobre la Bienal Internacional de Escultura 2022"},"content":{"rendered":"<p>Una gu\u00eda completa para estar al tanto de lo que significa este evento para la capital chaque\u00f1a y la relevancia internacional que supone. Diez artistas de talla internacional buscar\u00e1n ser los mejores en la competencia.<br \/>\n Cada dos a\u00f1os se realiza en Resistencia, Chaco, la Bienal Internacional de Escultura, que consiste en un concurso organizado en conjunto entre la Fundaci\u00f3n Urunday y el gobierno de la provincia, en donde entre diez y quince destacados escultores del \u00e1mbito nacional e internacional trabajan sobre un material determinado para cada evento (este 2022 ser\u00e1n diez).<br \/>\nSi bien esa competencia es la que da vida a la Bienal, alrededor de ella circundan una gran cantidad de actividades vinculadas al arte, la m\u00fasica y la cultura. Todas las actividades de la Bienal son de acceso libre y gratuito.<br \/>\nEn 2020, la pandemia oblig\u00f3 a la suspensi\u00f3n del certamen, que tuvo su primera edici\u00f3n en 1988, impulsada por el escultor chaque\u00f1o Fabriciano G\u00f3mez (1944-2021). Sin embargo, este 2022 se reanuda desde el 16 al 23 de julio, en lo que durar\u00e1 la competencia propiamente dicha, aunque habr\u00e1 otras actividades tanto el viernes 15 como el domingo 24.<br \/>\nEl evento, el de mayor atracci\u00f3n tur\u00edstica que tiene lugar en Resistencia, se realiza en las 14 hect\u00e1reas del predio ubicado en el Parque Intercultural \u201c2 de Febrero\u201d de la capital chaque\u00f1a, incluyendo al Domo del Centenario \u201cZitto Segovia\u201d.<br \/>\nLa competencia escult\u00f3rica se desarrolla ante la mirada del p\u00fablico en el predio junto al r\u00edo Negro donde diez artistas de nivel internacional compiten en igualdad de condiciones y con el mismo material y tem\u00e1tica, esculpiendo su obra en el plazo de tiempo fijado: los 7 d\u00edas de esa semana, en un espacio com\u00fan e interactuando con los visitantes, que pueden dialogar con ellos, preguntar, aprender y, finalmente, votar, ya que, adem\u00e1s del premio del jurado de expertos, hay un premio del p\u00fablico. En esta edici\u00f3n 2022, el material ser\u00e1 m\u00e1rmol travertino.<br \/>\nLas esculturas creadas in situ por los artistas quedan luego instaladas en veredas y plazas de la ciudad. Esto se inscribe en una tradici\u00f3n hist\u00f3rica de Resistencia, bautizada como Capital Nacional de las Esculturas, que es previa a la Bienal, y que surgi\u00f3 por iniciativa de un grupo de vecinos que promovieron la instalaci\u00f3n de esculturas.<br \/>\nUn evento con 34 a\u00f1os de historia<br \/>\nFabriciano G\u00f3mez, el &#8220;padre&#8221; de la Bienal. Foto: Facebook Bienal del Chaco.<br \/>\nEn 1988, hace 34 a\u00f1os, surgi\u00f3 la idea del concurso de esculturas, que primero fue nacional y se llevaba a cabo en la plaza central de Resistencia, la 25 de Mayo, y luego fue creciendo hasta volverse internacional y obtener un predio propio.<br \/>\nLa Bienal acrecent\u00f3 a\u00fan m\u00e1s el acervo escult\u00f3rico de Resistencia, con 650 piezas en sus veredas y parques (de las cuales m\u00e1s de 500 son producto de los concursos de esculturas). Esta ser\u00e1 la 12\u00b0 edici\u00f3n internacional de la Bienal, y la primera \u201chu\u00e9rfana\u201d de su creador, el escultor Fabriciano G\u00f3mez, quien falleci\u00f3 en 2021. El concurso es su creaci\u00f3n y su legado y su nombre quedar\u00e1 para siempre asociado a la Bienal.<br \/>\nActualmente, hay m\u00e1s de 640 obras en la calle, en las que el vandalismo es pr\u00e1cticamente nulo, en una ciudad en la que las esculturas abundan y est\u00e1n al alcance de todos.<br \/>\nParticipantes internacionales<br \/>\nJuan Pablo Marturano, el competidor argentino. Cr\u00e9dito de foto: STO Noticias.<br \/>\nLa selecci\u00f3n para participar de la Bienal es bien competitiva: a partir de los m\u00e1s de 200 inscriptos iniciales se hace una selecci\u00f3n de 50 artistas que deben enviar un dossier y un bosquejo de su proyecto escult\u00f3rico.<br \/>\nEsas candidaturas son revisadas por un comit\u00e9 de tres escultores extranjeros que los califican. En funci\u00f3n de eso, los organizadores seleccionan 10 participantes y dos suplentes por si alguno cancela a \u00faltimo momento.<br \/>\nEste a\u00f1o, los participantes son originarios de Albania, Alemania, M\u00e9xico, Corea del Sur, Eslovenia, Georgia, Rumania, Turqu\u00eda, Ucrania y Argentina, que siempre est\u00e1 representada por ser el pa\u00eds anfitri\u00f3n.<br \/>\n&#8211; De Albania: Genti Tavanxhiu.<br \/>\n&#8211; De Alemania: Verena Mayer-Tasch.<br \/>\n&#8211; De Argentina: Juan Pablo Marturano.<br \/>\n&#8211; De Corea del Sur: Sodong Choe.<br \/>\n&#8211; De Eslovenia: Arijel Strukelj.<br \/>\n&#8211; De Georgia: Jhon Gogaberishvili.<br \/>\n&#8211; De M\u00e9xico: David Bucio.<br \/>\n&#8211; De Ruman\u00eda: Petre Virgiliu Mogosanu.<br \/>\n&#8211; De Turqu\u00eda: Ebru Akinci.<br \/>\n&#8211; De Ucrania: Ihor Tkachivskyi.<br \/>\nEl participante argentino es Juan Pablo Marturano, un escultor consagrado, doctor en Artes formado en Jap\u00f3n y en Italia, y Gran Premio del Sal\u00f3n Nacional de Artes Visuales (Escultura, 2017).<br \/>\nEl jurado estar\u00e1 compuesto por Le\u00f3n Saavedra Geuer, de Bolivia; Francisco Gazitua, de Chile; y Todor Todorov, de Bulgaria.<br \/>\nEste a\u00f1o, el material ser\u00e1 m\u00e1rmol travertino extra\u00eddo de las canteras de San Juan.<br \/>\nCada participante trabajar\u00e1 con un bloque de 1,50 x 0,60 x 0,60 (metros).<br \/>\nOtras actividades<br \/>\nEn esta edici\u00f3n de la Bienal habr\u00e1 un Concurso de Escultura para Estudiantes de Artes, tendr\u00e1 lugar el III Congreso Internacional de Artes, el II Seminario de Arte, Derecho, Patrimonio y Urbanismo y el IV Festival Filarm\u00f3nico Juvenil, entre otros.<br \/>\nUna novedad de este a\u00f1o ser\u00e1 el Primer Congreso Internacional de Derecho del Arte. A esto se suman talleres, conferencias, espect\u00e1culos, muestras de arte, feria de artesan\u00eda y dise\u00f1o y gastronom\u00eda regional.<br \/>\nEl Premio Desaf\u00edo \u201cHierros L\u00edder\u201d, el concurso para estudiantes avanzados de Artes, ya es un cl\u00e1sico de la bienal y genera una gran convocatoria en las academias y facultades de arte del pa\u00eds. El desaf\u00edo consiste en la realizaci\u00f3n de una escultura en un lapso de 48 horas continuadas. En este caso la competencia no es individual sino en equipos de 3 integrantes y se trabaja sobre madera dura o semidura.<br \/>\nEl desaf\u00edo les permite adem\u00e1s a estos j\u00f3venes vivir una bienal internacional, de la cual alg\u00fan d\u00eda posiblemente ser\u00e1n participantes, vincularse y aprender de grandes escultores consagrados de todo el mundo.<\/p>\n","protected":false},"excerpt":{"rendered":"<p>Una gu\u00eda completa para estar al tanto de lo que significa este evento para la capital chaque\u00f1a y la relevancia internacional que supone. Diez artistas de talla internacional buscar\u00e1n ser los mejores en la competencia. Cada dos a\u00f1os se realiza en Resistencia, Chaco, la Bienal Internacional de Escultura, que consiste en un concurso organizado en [&hellip;]<\/p>\n","protected":false},"author":1,"featured_media":16319,"comment_status":"closed","ping_status":"closed","sticky":false,"template":"","format":"standard","meta":{"footnotes":""},"categories":[6],"tags":[],"class_list":{"0":"post-16318","1":"post","2":"type-post","3":"status-publish","4":"format-standard","5":"has-post-thumbnail","7":"category-chaco"},"_links":{"self":[{"href":"https:\/\/chacosintesis.com.ar\/index.php\/wp-json\/wp\/v2\/posts\/16318","targetHints":{"allow":["GET"]}}],"collection":[{"href":"https:\/\/chacosintesis.com.ar\/index.php\/wp-json\/wp\/v2\/posts"}],"about":[{"href":"https:\/\/chacosintesis.com.ar\/index.php\/wp-json\/wp\/v2\/types\/post"}],"author":[{"embeddable":true,"href":"https:\/\/chacosintesis.com.ar\/index.php\/wp-json\/wp\/v2\/users\/1"}],"replies":[{"embeddable":true,"href":"https:\/\/chacosintesis.com.ar\/index.php\/wp-json\/wp\/v2\/comments?post=16318"}],"version-history":[{"count":0,"href":"https:\/\/chacosintesis.com.ar\/index.php\/wp-json\/wp\/v2\/posts\/16318\/revisions"}],"wp:featuredmedia":[{"embeddable":true,"href":"https:\/\/chacosintesis.com.ar\/index.php\/wp-json\/wp\/v2\/media\/16319"}],"wp:attachment":[{"href":"https:\/\/chacosintesis.com.ar\/index.php\/wp-json\/wp\/v2\/media?parent=16318"}],"wp:term":[{"taxonomy":"category","embeddable":true,"href":"https:\/\/chacosintesis.com.ar\/index.php\/wp-json\/wp\/v2\/categories?post=16318"},{"taxonomy":"post_tag","embeddable":true,"href":"https:\/\/chacosintesis.com.ar\/index.php\/wp-json\/wp\/v2\/tags?post=16318"}],"curies":[{"name":"wp","href":"https:\/\/api.w.org\/{rel}","templated":true}]}}