{"id":16312,"date":"2022-07-12T18:57:47","date_gmt":"2022-07-12T21:57:47","guid":{"rendered":"https:\/\/chacosintesis.com.ar\/?p=16312"},"modified":"2022-07-12T19:06:38","modified_gmt":"2022-07-12T22:06:38","slug":"resistencia-sera-sede-del-primer-congreso-internacional-de-derecho-del-arte","status":"publish","type":"post","link":"https:\/\/chacosintesis.com.ar\/index.php\/resistencia-sera-sede-del-primer-congreso-internacional-de-derecho-del-arte\/","title":{"rendered":"Resistencia ser\u00e1 sede del Primer Congreso Internacional de Derecho del Arte"},"content":{"rendered":"<p>En marco de una nueva edici\u00f3n de la Bienal Internacional de Escultura, auspiciado por el Poder Legislativo y la Fundaci\u00f3n Urunday, este mi\u00e9rcoles 20 se realizar\u00e1 el Primer Congreso Internacional de Derecho del Arte en el sal\u00f3n auditorio Osde de la capital chaque\u00f1a.<\/p>\n<p> El evento, que tendr\u00e1 reunidos por primera vez en la historia, a juristas, fil\u00f3sofos y artistas de diferentes partes del mundo, es promovido por el Centro de Filosof\u00eda Jur\u00eddica y Social de la Facultad de Derecho de la Universidad Nacional de Rosario y cuenta con el apoyo de la Universidad Nacional del Nordeste.<\/p>\n<p> La presidenta de la Legislatura, Elida Cuesta, manifest\u00f3 que el Chaco es cuna de grandes artistas y Resistencia es un museo a cielo abierto para todo el mundo. \u201cEn este congreso, que se realizar\u00e1 por primera vez en la historia, se abordar\u00e1n temas como la seguridad jur\u00eddica para los artistas y sus obras. Para nosotros es muy importante porque nuestra capital es un museo de arte a cielo abierto que cumple todos los requisitos para ser declarada como patrimonio cultural de la humanidad, lo cual nos obliga a cuidar y preservar las esculturas\u201d, certific\u00f3.<\/p>\n<p> Adem\u00e1s, la legisladora asegur\u00f3 que la realizaci\u00f3n de este congreso super\u00f3 las expectativas y agot\u00f3 la participaci\u00f3n presencial, por lo que se est\u00e1 analizando aumentar la participaci\u00f3n virtual. \u201cEste evento es muy importante para nosotros y la verdad que super\u00f3 nuestras expectativas, colmando el cupo de participaci\u00f3n, y no es para menos, porque la sociedad chaque\u00f1a es sensible al arte y la cultura en todas sus expresiones\u201d, asever\u00f3.<\/p>\n<p> \u201cEl legado de Fabriciano es buscar la excelencia\u201d<br \/>\nEl presidente de la Fundaci\u00f3n Urunday, Jos\u00e9 Eidman, agradeci\u00f3 el apoyo de la Casa de la Democracia y remarc\u00f3 que el congreso ser\u00e1 hist\u00f3rico y un motivo de orgullo para chaque\u00f1as y chaque\u00f1os. \u201cVamos a llevar adelante esta actividad in\u00e9dita, en el marco de la Bienal, para aumentar a\u00fan m\u00e1s el nivel de las propuestas de este certamen escult\u00f3rico. El Poder Legislativo ha hecho un aporte fundamental para que est\u00e9n dadas las condiciones y articulaciones para que se desarrolle este congreso con alt\u00edsima calidad y eficiencia. El legado de Fabriciano es buscar la excelencia, por lo que el desaf\u00edo es lograr que cada Bienal sea la mejor de todas\u201d, manifest\u00f3.<\/p>\n<p> Por su parte, el director del centro de estudios de la Fundaci\u00f3n Urunday, Diego Tolosa, asegur\u00f3 que es la primera vez que se encuentran juristas, fil\u00f3sofos, artistas, en un lugar com\u00fan, para pensar los desaf\u00edos que hay entre el derecho y el arte: \u201cBuscamos proteger a los artistas, a la producci\u00f3n art\u00edstica y al mercado del arte, de la propiedad intelectual en el sentido de la protecci\u00f3n. Por eso habr\u00e1 tres paneles que tratar\u00e1n estos temas, los cuales ser\u00e1n el \u00e1mbito para discutir el punto de encuentro entre el derecho y el arte\u201d.<\/p>\n","protected":false},"excerpt":{"rendered":"<p>En marco de una nueva edici\u00f3n de la Bienal Internacional de Escultura, auspiciado por el Poder Legislativo y la Fundaci\u00f3n Urunday, este mi\u00e9rcoles 20 se realizar\u00e1 el Primer Congreso Internacional de Derecho del Arte en el sal\u00f3n auditorio Osde de la capital chaque\u00f1a. El evento, que tendr\u00e1 reunidos por primera vez en la historia, a [&hellip;]<\/p>\n","protected":false},"author":1,"featured_media":16313,"comment_status":"closed","ping_status":"closed","sticky":false,"template":"","format":"standard","meta":{"footnotes":""},"categories":[6],"tags":[],"class_list":{"0":"post-16312","1":"post","2":"type-post","3":"status-publish","4":"format-standard","5":"has-post-thumbnail","7":"category-chaco"},"_links":{"self":[{"href":"https:\/\/chacosintesis.com.ar\/index.php\/wp-json\/wp\/v2\/posts\/16312","targetHints":{"allow":["GET"]}}],"collection":[{"href":"https:\/\/chacosintesis.com.ar\/index.php\/wp-json\/wp\/v2\/posts"}],"about":[{"href":"https:\/\/chacosintesis.com.ar\/index.php\/wp-json\/wp\/v2\/types\/post"}],"author":[{"embeddable":true,"href":"https:\/\/chacosintesis.com.ar\/index.php\/wp-json\/wp\/v2\/users\/1"}],"replies":[{"embeddable":true,"href":"https:\/\/chacosintesis.com.ar\/index.php\/wp-json\/wp\/v2\/comments?post=16312"}],"version-history":[{"count":0,"href":"https:\/\/chacosintesis.com.ar\/index.php\/wp-json\/wp\/v2\/posts\/16312\/revisions"}],"wp:featuredmedia":[{"embeddable":true,"href":"https:\/\/chacosintesis.com.ar\/index.php\/wp-json\/wp\/v2\/media\/16313"}],"wp:attachment":[{"href":"https:\/\/chacosintesis.com.ar\/index.php\/wp-json\/wp\/v2\/media?parent=16312"}],"wp:term":[{"taxonomy":"category","embeddable":true,"href":"https:\/\/chacosintesis.com.ar\/index.php\/wp-json\/wp\/v2\/categories?post=16312"},{"taxonomy":"post_tag","embeddable":true,"href":"https:\/\/chacosintesis.com.ar\/index.php\/wp-json\/wp\/v2\/tags?post=16312"}],"curies":[{"name":"wp","href":"https:\/\/api.w.org\/{rel}","templated":true}]}}