{"id":16310,"date":"2022-07-12T10:54:11","date_gmt":"2022-07-12T13:54:11","guid":{"rendered":"https:\/\/chacosintesis.com.ar\/?p=16310"},"modified":"2022-07-12T11:06:42","modified_gmt":"2022-07-12T14:06:42","slug":"desde-el-1-de-agosto-se-implementara-la-ampliacion-de-una-hora-adicional-a-la-jornada-escolar","status":"publish","type":"post","link":"https:\/\/chacosintesis.com.ar\/index.php\/desde-el-1-de-agosto-se-implementara-la-ampliacion-de-una-hora-adicional-a-la-jornada-escolar\/","title":{"rendered":"Desde el 1 de agosto se implementar\u00e1 la ampliaci\u00f3n de una hora adicional a la jornada escolar"},"content":{"rendered":"<p>Lo anuncio el gobernador Jorge Capitanich. Se aplicar\u00e1 en una primera etapa las escuelas del nivel primario de gesti\u00f3n estatal, social, comunitaria biling\u00fce. Implicar\u00e1 la mejora del salario docente en 1.000 puntos para el caso de un maestro o maestra de grado, lo cual significa un aumento de 47,7 % respecto a los puntos correspondientes a una jornada simple.<br \/>\n El gobernador Jorge Capitanich anunci\u00f3 este martes en conferencia de prensa la ampliaci\u00f3n de la jornada escolar. Desde el 1 de agosto los alumnos y alumnas del Nivel Primario de gesti\u00f3n estatal, social, comunitaria biling\u00fce de 1\u00ba a 7\u00ba grado tendr\u00e1n 1 hora m\u00e1s de clase.<br \/>\nDe esta forma est\u00e1 previsto que el turno ma\u00f1ana se realice de 7,45 a 12,45 y el turno tarde de 13,15 a 18,15.<br \/>\nCapitanich ratifico la recomposici\u00f3n adicional a los docentes para afrontar la ampliaci\u00f3n de la jornada escolar.<br \/>\n\u201cM\u00e1s horas en las escuelas y m\u00e1s aprendizaje de calidad\u201d, dijo el gobernador. Esto implicar\u00e1 garantizar m\u00e1s horas de clases y mejorar las trayectorias escolares.<br \/>\nLa ampliaci\u00f3n de la jornada escolar traer\u00e1 aparejada una recomposici\u00f3n salarial para los docentes. A ra\u00edz de esta medida se anunci\u00f3 la mejora del salario docente en 1.000 puntos para el caso de un maestro o maestra de grado, lo cual implica un aumento de 47,7 % respecto a los puntos correspondientes a una jornada simple. De esta manera, un docente sin antig\u00fcedad percibir\u00e1 un incremento en su salario de bolsillo de 10.650 pesos.<br \/>\n\u201cEsta medida permitir\u00e1 profundizar una pol\u00edtica educativa que tienda a aumentar el rendimiento escolar. Los resultados no han sido auspiciosos despu\u00e9s de discontinuidad como producto de la pandemia o los conflictos gremiales. La ampliaci\u00f3n de la jornada es una decisi\u00f3n de pol\u00edtica educativa para fortalecer aprendizajes como matem\u00e1ticas y lengua y otras asignaturas\u201d, se\u00f1al\u00f3.<br \/>\n La implementaci\u00f3n de la jornada escolar extendida fue realizada en el marco de los anuncios de una bater\u00eda de medidas de car\u00e1cter salarial y educativas que apuntan a sostener la actividad econ\u00f3mica de la provincia. Acompa\u00f1aron al gobernador la vicegobernadora Anal\u00eda Rach Quiroga; el ministro de Planificaci\u00f3n, Econom\u00eda e Infraestructura, Santiago P\u00e9rez Pons y el ministro de Educaci\u00f3n, Aldo Lineras.<br \/>\nPor la tarde el gobernador firmar\u00e1 con el ministro de Educaci\u00f3n de la Naci\u00f3n Jaime Perczyk el acuerdo correspondiente para la ampliaci\u00f3n de la jornada escolar.<br \/>\nEl ministro de Educaci\u00f3n, Aldo Lineras explic\u00f3 que esta jornada extendida viene de la mano de una propuesta pedag\u00f3gica completa para los tres ciclos con trabajos en lengua y matem\u00e1tica, propuestas did\u00e1cticas y libros. \u201cEl objetivo es que nuestros ni\u00f1os y ni\u00f1as reciba una educaci\u00f3n de calidad y que los trabajadores docentes tengan una retribuci\u00f3n satisfactoria\u201d, dijo el ministro Lineras.<\/p>\n","protected":false},"excerpt":{"rendered":"<p>Lo anuncio el gobernador Jorge Capitanich. Se aplicar\u00e1 en una primera etapa las escuelas del nivel primario de gesti\u00f3n estatal, social, comunitaria biling\u00fce. Implicar\u00e1 la mejora del salario docente en 1.000 puntos para el caso de un maestro o maestra de grado, lo cual significa un aumento de 47,7 % respecto a los puntos correspondientes [&hellip;]<\/p>\n","protected":false},"author":1,"featured_media":16311,"comment_status":"closed","ping_status":"closed","sticky":false,"template":"","format":"standard","meta":{"footnotes":""},"categories":[6],"tags":[197],"class_list":{"0":"post-16310","1":"post","2":"type-post","3":"status-publish","4":"format-standard","5":"has-post-thumbnail","7":"category-chaco","8":"tag-destacada"},"_links":{"self":[{"href":"https:\/\/chacosintesis.com.ar\/index.php\/wp-json\/wp\/v2\/posts\/16310","targetHints":{"allow":["GET"]}}],"collection":[{"href":"https:\/\/chacosintesis.com.ar\/index.php\/wp-json\/wp\/v2\/posts"}],"about":[{"href":"https:\/\/chacosintesis.com.ar\/index.php\/wp-json\/wp\/v2\/types\/post"}],"author":[{"embeddable":true,"href":"https:\/\/chacosintesis.com.ar\/index.php\/wp-json\/wp\/v2\/users\/1"}],"replies":[{"embeddable":true,"href":"https:\/\/chacosintesis.com.ar\/index.php\/wp-json\/wp\/v2\/comments?post=16310"}],"version-history":[{"count":0,"href":"https:\/\/chacosintesis.com.ar\/index.php\/wp-json\/wp\/v2\/posts\/16310\/revisions"}],"wp:featuredmedia":[{"embeddable":true,"href":"https:\/\/chacosintesis.com.ar\/index.php\/wp-json\/wp\/v2\/media\/16311"}],"wp:attachment":[{"href":"https:\/\/chacosintesis.com.ar\/index.php\/wp-json\/wp\/v2\/media?parent=16310"}],"wp:term":[{"taxonomy":"category","embeddable":true,"href":"https:\/\/chacosintesis.com.ar\/index.php\/wp-json\/wp\/v2\/categories?post=16310"},{"taxonomy":"post_tag","embeddable":true,"href":"https:\/\/chacosintesis.com.ar\/index.php\/wp-json\/wp\/v2\/tags?post=16310"}],"curies":[{"name":"wp","href":"https:\/\/api.w.org\/{rel}","templated":true}]}}