{"id":16306,"date":"2022-07-12T10:03:39","date_gmt":"2022-07-12T13:03:39","guid":{"rendered":"https:\/\/chacosintesis.com.ar\/?p=16306"},"modified":"2022-07-12T10:06:46","modified_gmt":"2022-07-12T13:06:46","slug":"subsidios-en-la-tarifa-de-luz-quienes-lo-perderan-desde-cuando-y-que-pasa-con-los-inquilinos","status":"publish","type":"post","link":"https:\/\/chacosintesis.com.ar\/index.php\/subsidios-en-la-tarifa-de-luz-quienes-lo-perderan-desde-cuando-y-que-pasa-con-los-inquilinos\/","title":{"rendered":"Subsidios en la tarifa de luz: qui\u00e9nes lo perder\u00e1n, desde cu\u00e1ndo y qu\u00e9 pasa con los inquilinos"},"content":{"rendered":"<p>La ministra de Econom\u00eda, Silvina Batakis, confirm\u00f3 que a partir del viernes estar\u00e1 disponible el formulario que deber\u00e1n completar aquellos usuarios de los servicios de electricidad que quieran conservar los subsidios.<br \/>\n Cabe destacar que el plan de segmentaci\u00f3n de tarifas fue publicado el 16 de junio, pero su puesta en marcha se fue postergando y luego hubo incertidumbres sobre su implementaci\u00f3n tras la salida de Mart\u00edn Guzm\u00e1n.<br \/>\n\u00bfQui\u00e9nes perder\u00e1n los subsidios?<br \/>\nSe distinguen 3 grupos de usuarios: hogares de ingresos bajos, medios y altos. Los dos primeros grupos, que incluyen al 90% de la poblaci\u00f3n nacional, ya afrontaron entre febrero y junio aumentos que suman 20 y 40% respectivamente.<br \/>\nEl 10% restante -hogares de ingresos altos- podr\u00e1 contar con subas graduales que llegar\u00edan al 200% en el a\u00f1o.<br \/>\nSeg\u00fan el decreto 322\/22 dejar\u00e1n de percibir subsidios aquellos que cumplan alguno de los siguientes requisitos: ingresos mensuales netos superiores a un valor equivalente a 3,5 Canastas B\u00e1sicas Totales (350 mil pesos, seg\u00fan los \u00faltimos datos de Indec), titulares de tres o m\u00e1s autom\u00f3viles con antig\u00fcedad menor a cinco a\u00f1os; titulares de tres o m\u00e1s inmuebles; titulares de una o m\u00e1s aeronaves o embarcaciones de lujo, y\/o titulares de activos societarios que exterioricen capacidad econ\u00f3mica plena.<br \/>\n Cabe destacar que el decreto establece que ese 90% de hogares deber\u00e1 inscribirse en el registro y si no lo hace tambi\u00e9n perder\u00e1n los subsidios.<br \/>\n\u00bfD\u00f3nde hay que inscribirse?<br \/>\nLos usuarios podr\u00e1n acceder al formulario a partir del viernes en <a href=\"https:\/\/www.argentina.gob.ar\/subsidios\">www.argentina.gob.ar\/subsidios<\/a>, en las oficinas de la Anses o en las oficinas de los prestadores de servicios.<br \/>\n\u00bfQu\u00e9 deben hacer los que alquilan?<br \/>\nLas inquilinos tambi\u00e9n deber\u00e1n completar esta declaraci\u00f3n jurada sin importar que el servicio no est\u00e9 a su nombre, ya que el formulario permite anotarse como &#8220;persona usuaria de los servicios&#8221;. De esta manera, se mantendr\u00e1 el subsidio para inquilinos o residentes, siempre que no pertenezcan al grupo de ingresos altos.<br \/>\n\u00bfDesde cu\u00e1ndo comienzan a recortarse los subsidios?<br \/>\nEl art\u00edculo 1 del decreto 332\/22 establece en su art\u00edculo 1 que el r\u00e9gimen de segmentaci\u00f3n est\u00e1 vigente a partir de junio. A su vez, en el art\u00edculo 4 se afirma que &#8220;el este proceso se realizara en forma gradual y en tercios bimestrales, de modo tal que, al finalizar el a\u00f1o en curso, est\u00e9n abonando el costo pleno de la energ\u00eda que se les factura&#8221;.<\/p>\n","protected":false},"excerpt":{"rendered":"<p>La ministra de Econom\u00eda, Silvina Batakis, confirm\u00f3 que a partir del viernes estar\u00e1 disponible el formulario que deber\u00e1n completar aquellos usuarios de los servicios de electricidad que quieran conservar los subsidios. Cabe destacar que el plan de segmentaci\u00f3n de tarifas fue publicado el 16 de junio, pero su puesta en marcha se fue postergando y [&hellip;]<\/p>\n","protected":false},"author":1,"featured_media":16307,"comment_status":"closed","ping_status":"closed","sticky":false,"template":"","format":"standard","meta":{"footnotes":""},"categories":[6],"tags":[],"class_list":{"0":"post-16306","1":"post","2":"type-post","3":"status-publish","4":"format-standard","5":"has-post-thumbnail","7":"category-chaco"},"_links":{"self":[{"href":"https:\/\/chacosintesis.com.ar\/index.php\/wp-json\/wp\/v2\/posts\/16306","targetHints":{"allow":["GET"]}}],"collection":[{"href":"https:\/\/chacosintesis.com.ar\/index.php\/wp-json\/wp\/v2\/posts"}],"about":[{"href":"https:\/\/chacosintesis.com.ar\/index.php\/wp-json\/wp\/v2\/types\/post"}],"author":[{"embeddable":true,"href":"https:\/\/chacosintesis.com.ar\/index.php\/wp-json\/wp\/v2\/users\/1"}],"replies":[{"embeddable":true,"href":"https:\/\/chacosintesis.com.ar\/index.php\/wp-json\/wp\/v2\/comments?post=16306"}],"version-history":[{"count":0,"href":"https:\/\/chacosintesis.com.ar\/index.php\/wp-json\/wp\/v2\/posts\/16306\/revisions"}],"wp:featuredmedia":[{"embeddable":true,"href":"https:\/\/chacosintesis.com.ar\/index.php\/wp-json\/wp\/v2\/media\/16307"}],"wp:attachment":[{"href":"https:\/\/chacosintesis.com.ar\/index.php\/wp-json\/wp\/v2\/media?parent=16306"}],"wp:term":[{"taxonomy":"category","embeddable":true,"href":"https:\/\/chacosintesis.com.ar\/index.php\/wp-json\/wp\/v2\/categories?post=16306"},{"taxonomy":"post_tag","embeddable":true,"href":"https:\/\/chacosintesis.com.ar\/index.php\/wp-json\/wp\/v2\/tags?post=16306"}],"curies":[{"name":"wp","href":"https:\/\/api.w.org\/{rel}","templated":true}]}}