{"id":16304,"date":"2022-07-12T09:57:14","date_gmt":"2022-07-12T12:57:14","guid":{"rendered":"https:\/\/chacosintesis.com.ar\/?p=16304"},"modified":"2022-07-12T10:06:46","modified_gmt":"2022-07-12T13:06:46","slug":"cada-vez-mas-gente-con-empleo-formal-acude-a-comedores-sociales-en-busca-de-alimento","status":"publish","type":"post","link":"https:\/\/chacosintesis.com.ar\/index.php\/cada-vez-mas-gente-con-empleo-formal-acude-a-comedores-sociales-en-busca-de-alimento\/","title":{"rendered":"Cada vez m\u00e1s gente con empleo formal acude a comedores sociales en busca de alimento"},"content":{"rendered":"<p>La inflaci\u00f3n y el empobrecimiento de amplias franjas de la clase media incrementaron la demanda que afrontan me\u00adrenderos y comedores de organizaciones sociales.<br \/>\n El cuadro econ\u00f3mico que vive el pa\u00eds y el incremento de la pobreza repercuten di\u00adrectamente en la demanda que afrontan los merende\u00adros y comedores sociales. Los del Movimiento Barrios de Pie no son la excepci\u00f3n: triplicaron en dos a\u00f1os y medio la cantidad de gente a la que brinda un vaso de le\u00adche o un plato de comida.<br \/>\n&#8220;Hoy todo nos resulta insu\u00adficiente, porque ya no ha\u00adblamos de ni\u00f1os y ni\u00f1as so\u00adlamente, sino de familias completas&#8221;, dice a NORTE la coordinadora de los centros de ayuda del MBP, Sonia Cardozo.<br \/>\nLos productos que m\u00e1s faltan son leche, aceite y az\u00facar. A ellos se dirigen los pedidos de colaboraci\u00f3n que realiza el movimiento, y las actividades que se llevan a cabo para recaudar fon\u00addos, como ventas de pasteli\u00adtos o de rifas. El problema es que la situaci\u00f3n hace que la gente que nos ayudaba ya no pueda hacerlo o ayude menos&#8221;, comenta.<br \/>\nDEMANDA ESTALLADA<br \/>\nCardozo dice que actual\u00admente los 260 comedores y merenderos de Barrios de Pie est\u00e1n repartidos en 35 localidades del Chaco y a ellos asisten unas 50.000 personas de todas las eda\u00addes. Es m\u00e1s de tres veces que las 15.000 que concurr\u00edan antes de la pandemia por coronavirus, que arranc\u00f3 en marzo de 2020.<br \/>\n &#8220;Ya no antendemos sola\u00admente a ni\u00f1os y ni\u00f1as sino tambi\u00e9n a mayores. Cuando la pandemia comenz\u00f3 a gol\u00adpear los chicos comenzaron a llegar con sus hermanos m\u00e1s grandes, y luego apare\u00adcieron los padres y madres, los abuelos. Ahora tambi\u00e9n damos de comer a familias en las que hay integrantes con trabajo en blanco pero que igual son pobres y no llegan a cubrir los gastos de comida&#8221;, cuenta Sonia.<br \/>\nHay que tener en cuenta que el costo de la canasta b\u00e1sica para una familia de dos adultos y dos chicos ya est\u00e1 en el orden de los 100.000 pesos mensuales, mientras que la mensuali\u00addad del plan social m\u00e1s po\u00adpular, Potenciar Trabajo, es\u00adt\u00e1 en los 22.700 pesos. Y quienes trabajan en blanco en el Chaco tienen una re\u00admuneraci\u00f3n promedio que ronda los 60.000 pesos.<br \/>\n&#8220;AYUDA LA GENTE COMUN&#8221;<br \/>\nSonia dice que tambi\u00e9n se reciben donaciones &#8220;de pe\u00adque\u00f1os comercios, kioscos, verduler\u00edas chicas, algunas panader\u00edas. La gente com\u00fan es la que m\u00e1s ayuda&#8221;. Se puede colaborar acerc\u00e1ndo\u00adse al local de Barrios de Pie en Cervantes 69, o contac\u00adtando con el tel\u00e9fono celular 362-480-4062. Hacen falta alimentos, abrigos para gen\u00adte de todas las edades, y fra\u00adzadas.<br \/>\n&#8220;No s\u00e9 d\u00f3nde va a terminar todo esto -dice-. El gobierno prioriza otras cosas, no al pueblo, y ahora vienen por nosotros, las organizaciones sociales, que somos los que estamos todos los d\u00edas aten\u00addiendo a las familias, no s\u00f3lo en las campa\u00f1as. A ellos (los funcionarios) nunca les chi\u00adll\u00f3 la panza ni pasaron fr\u00edo. Les falta m\u00e1s empat\u00eda&#8221;.<br \/>\n DIARIO NORTE.-<\/p>\n","protected":false},"excerpt":{"rendered":"<p>La inflaci\u00f3n y el empobrecimiento de amplias franjas de la clase media incrementaron la demanda que afrontan me\u00adrenderos y comedores de organizaciones sociales. El cuadro econ\u00f3mico que vive el pa\u00eds y el incremento de la pobreza repercuten di\u00adrectamente en la demanda que afrontan los merende\u00adros y comedores sociales. Los del Movimiento Barrios de Pie no [&hellip;]<\/p>\n","protected":false},"author":1,"featured_media":16305,"comment_status":"closed","ping_status":"closed","sticky":false,"template":"","format":"standard","meta":{"footnotes":""},"categories":[6],"tags":[197],"class_list":{"0":"post-16304","1":"post","2":"type-post","3":"status-publish","4":"format-standard","5":"has-post-thumbnail","7":"category-chaco","8":"tag-destacada"},"_links":{"self":[{"href":"https:\/\/chacosintesis.com.ar\/index.php\/wp-json\/wp\/v2\/posts\/16304","targetHints":{"allow":["GET"]}}],"collection":[{"href":"https:\/\/chacosintesis.com.ar\/index.php\/wp-json\/wp\/v2\/posts"}],"about":[{"href":"https:\/\/chacosintesis.com.ar\/index.php\/wp-json\/wp\/v2\/types\/post"}],"author":[{"embeddable":true,"href":"https:\/\/chacosintesis.com.ar\/index.php\/wp-json\/wp\/v2\/users\/1"}],"replies":[{"embeddable":true,"href":"https:\/\/chacosintesis.com.ar\/index.php\/wp-json\/wp\/v2\/comments?post=16304"}],"version-history":[{"count":0,"href":"https:\/\/chacosintesis.com.ar\/index.php\/wp-json\/wp\/v2\/posts\/16304\/revisions"}],"wp:featuredmedia":[{"embeddable":true,"href":"https:\/\/chacosintesis.com.ar\/index.php\/wp-json\/wp\/v2\/media\/16305"}],"wp:attachment":[{"href":"https:\/\/chacosintesis.com.ar\/index.php\/wp-json\/wp\/v2\/media?parent=16304"}],"wp:term":[{"taxonomy":"category","embeddable":true,"href":"https:\/\/chacosintesis.com.ar\/index.php\/wp-json\/wp\/v2\/categories?post=16304"},{"taxonomy":"post_tag","embeddable":true,"href":"https:\/\/chacosintesis.com.ar\/index.php\/wp-json\/wp\/v2\/tags?post=16304"}],"curies":[{"name":"wp","href":"https:\/\/api.w.org\/{rel}","templated":true}]}}