{"id":16296,"date":"2022-07-12T09:20:00","date_gmt":"2022-07-12T12:20:00","guid":{"rendered":"https:\/\/chacosintesis.com.ar\/?p=16296"},"modified":"2022-07-12T09:36:44","modified_gmt":"2022-07-12T12:36:44","slug":"el-gobierno-provincial-anuncio-aumentos-salariales-para-la-administracion-publica-y-docentes","status":"publish","type":"post","link":"https:\/\/chacosintesis.com.ar\/index.php\/el-gobierno-provincial-anuncio-aumentos-salariales-para-la-administracion-publica-y-docentes\/","title":{"rendered":"El Gobierno provincial anunci\u00f3 aumentos salariales para la administraci\u00f3n p\u00fablica y docentes"},"content":{"rendered":"<p>En una conferencia de prensa brindada este martes a la ma\u00f1ana, el gobernador Jorge Capitanich, junto a la vicegobernadora y los ministros de Planificaci\u00f3n, Econom\u00eda e Infraestructura y de Educaci\u00f3n, anunciaron el adelantamiento de los incrementos salariales para trabajadores de la administraci\u00f3n p\u00fablica y del sector docente, los cuales impactar\u00e1n en los salarios de julio, los cuales se pagar\u00e1n durante jueves 28 y viernes 29.<br \/>\nEn principio, el gobernador se\u00f1al\u00f3 que la administraci\u00f3n p\u00fablica provincial, en lo perteneciente al Poder Ejecutivo, tendr\u00e1 un adelantamiento de aumento del 7% durante julio, el cual estaba previsto para octubre. De esta manera, se sumar\u00e1 al 10% otorgado en mayo: \u201cEs una recuperaci\u00f3n del salario real para compensar la mayor inflaci\u00f3n de estos meses\u201d, garantiz\u00f3.<br \/>\nAdem\u00e1s, anunci\u00f3 un incremento del 7%, con un adicional del 5%, es decir, un 12% a partir de julio, para todos los trabajadores docentes en lo que respecta a la cl\u00e1usula gatillo, la cual rondar\u00eda en un 7% por los adelantamientos trasladados previamente. \u201cAs\u00ed como hicimos con el escalaf\u00f3n general, necesitamos mejorar el salario docente por la inflaci\u00f3n\u201d, respald\u00f3 el gobernador, y precis\u00f3 que \u201ccada docente va a tener el 22% de incremento en este trimestre, con el acumulado equivalente al 42% valor del punto y 40% para el maestro sin antig\u00fcedad\u201d.<br \/>\nEn l\u00ednea al sector docente, el gobernador refiri\u00f3 a la extensi\u00f3n de la jornada laboral que sumar\u00e1 1 hora m\u00e1s de clase y se comenzar\u00e1 a implementar desde el mes de agosto, algo que el mismo Capitanich suscribir\u00e1 este martes cuando visite al ministro de Educaci\u00f3n de la Naci\u00f3n. En virtud de esta hora m\u00e1s de trabajo para los educadores, se mejorar\u00e1 el salario docente en 1.000 puntos para un maestro de grado, un incremento de $10.650 de bolsillo.<br \/>\n\u201cTenemos previsto que todos estos incrementos se extiendan al sector pasivo de manera inmediata, y volveremos a pagar dentro del mes, algo que solo puede hacerse con orden en las cuentas p\u00fablicas. Pretendemos abonar el 28 y 29 de julio\u201d, remarc\u00f3 el gobernador, y agreg\u00f3 que \u201ctambi\u00e9n queremos destacar que la evoluci\u00f3n de los indicadores de empleo privado formal registra una evoluci\u00f3n positiva\u201d.<\/p>\n","protected":false},"excerpt":{"rendered":"<p>En una conferencia de prensa brindada este martes a la ma\u00f1ana, el gobernador Jorge Capitanich, junto a la vicegobernadora y los ministros de Planificaci\u00f3n, Econom\u00eda e Infraestructura y de Educaci\u00f3n, anunciaron el adelantamiento de los incrementos salariales para trabajadores de la administraci\u00f3n p\u00fablica y del sector docente, los cuales impactar\u00e1n en los salarios de julio, [&hellip;]<\/p>\n","protected":false},"author":1,"featured_media":16297,"comment_status":"closed","ping_status":"closed","sticky":false,"template":"","format":"standard","meta":{"footnotes":""},"categories":[6],"tags":[],"class_list":{"0":"post-16296","1":"post","2":"type-post","3":"status-publish","4":"format-standard","5":"has-post-thumbnail","7":"category-chaco"},"_links":{"self":[{"href":"https:\/\/chacosintesis.com.ar\/index.php\/wp-json\/wp\/v2\/posts\/16296","targetHints":{"allow":["GET"]}}],"collection":[{"href":"https:\/\/chacosintesis.com.ar\/index.php\/wp-json\/wp\/v2\/posts"}],"about":[{"href":"https:\/\/chacosintesis.com.ar\/index.php\/wp-json\/wp\/v2\/types\/post"}],"author":[{"embeddable":true,"href":"https:\/\/chacosintesis.com.ar\/index.php\/wp-json\/wp\/v2\/users\/1"}],"replies":[{"embeddable":true,"href":"https:\/\/chacosintesis.com.ar\/index.php\/wp-json\/wp\/v2\/comments?post=16296"}],"version-history":[{"count":0,"href":"https:\/\/chacosintesis.com.ar\/index.php\/wp-json\/wp\/v2\/posts\/16296\/revisions"}],"wp:featuredmedia":[{"embeddable":true,"href":"https:\/\/chacosintesis.com.ar\/index.php\/wp-json\/wp\/v2\/media\/16297"}],"wp:attachment":[{"href":"https:\/\/chacosintesis.com.ar\/index.php\/wp-json\/wp\/v2\/media?parent=16296"}],"wp:term":[{"taxonomy":"category","embeddable":true,"href":"https:\/\/chacosintesis.com.ar\/index.php\/wp-json\/wp\/v2\/categories?post=16296"},{"taxonomy":"post_tag","embeddable":true,"href":"https:\/\/chacosintesis.com.ar\/index.php\/wp-json\/wp\/v2\/tags?post=16296"}],"curies":[{"name":"wp","href":"https:\/\/api.w.org\/{rel}","templated":true}]}}