{"id":16294,"date":"2022-07-11T21:20:44","date_gmt":"2022-07-12T00:20:44","guid":{"rendered":"https:\/\/chacosintesis.com.ar\/?p=16294"},"modified":"2022-07-11T21:36:45","modified_gmt":"2022-07-12T00:36:45","slug":"dos-personas-mayores-mueren-en-un-siniestro-que-involucro-a-un-tren-de-pasajeros-y-una-camioneta","status":"publish","type":"post","link":"https:\/\/chacosintesis.com.ar\/index.php\/dos-personas-mayores-mueren-en-un-siniestro-que-involucro-a-un-tren-de-pasajeros-y-una-camioneta\/","title":{"rendered":"Dos personas mayores mueren en un siniestro que involucr\u00f3 a un tren de pasajeros y una camioneta"},"content":{"rendered":"<p>Dos personas murieron en la tarde de este lunes en Las Bre\u00f1as tras un siniestro en el cual colisionaron la camioneta en la cual se trasladaban y un tren de pasajeros frente al acceso al predio del INTA en esa localidad.<\/p>\n<p>Seg\u00fan inform\u00f3 la Polic\u00eda del Chaco, a las 18, efectivos de la Comisar\u00eda de Las Bre\u00f1as se dirigieron al cruce de las v\u00edas del tren y calle p\u00fablica, frente al ingreso del INTA, para corroborar un supuesto accidente con v\u00edctimas fatales.<br \/>\nEn el lugar, se encontraron con el ferrocarril de Trenes Argentinos y una camioneta Toyota Hilux ocupada por dos personas, ambas sin signos vitales.<br \/>\nAs\u00ed, se inform\u00f3 que las v\u00edctimas del siniestro ser\u00edan una pareja de personas mayores de 70 y 80 a\u00f1os, y que ambos iban a bordo de la camioneta.<br \/>\n Por su parte, el conductor del tren, un hombre de 56 a\u00f1os, result\u00f3 ileso. Los pasajeros que iban rumbo a Las Bre\u00f1as tambi\u00e9n resultaron sin lesiones. El m\u00e9dico forense y el perito del Poder Judicial trabajan para esclarecer c\u00f3mo sucedi\u00f3 el siniestro.<\/p>\n","protected":false},"excerpt":{"rendered":"<p>Dos personas murieron en la tarde de este lunes en Las Bre\u00f1as tras un siniestro en el cual colisionaron la camioneta en la cual se trasladaban y un tren de pasajeros frente al acceso al predio del INTA en esa localidad. Seg\u00fan inform\u00f3 la Polic\u00eda del Chaco, a las 18, efectivos de la Comisar\u00eda de [&hellip;]<\/p>\n","protected":false},"author":1,"featured_media":16295,"comment_status":"closed","ping_status":"closed","sticky":false,"template":"","format":"standard","meta":{"footnotes":""},"categories":[6],"tags":[197],"class_list":{"0":"post-16294","1":"post","2":"type-post","3":"status-publish","4":"format-standard","5":"has-post-thumbnail","7":"category-chaco","8":"tag-destacada"},"_links":{"self":[{"href":"https:\/\/chacosintesis.com.ar\/index.php\/wp-json\/wp\/v2\/posts\/16294","targetHints":{"allow":["GET"]}}],"collection":[{"href":"https:\/\/chacosintesis.com.ar\/index.php\/wp-json\/wp\/v2\/posts"}],"about":[{"href":"https:\/\/chacosintesis.com.ar\/index.php\/wp-json\/wp\/v2\/types\/post"}],"author":[{"embeddable":true,"href":"https:\/\/chacosintesis.com.ar\/index.php\/wp-json\/wp\/v2\/users\/1"}],"replies":[{"embeddable":true,"href":"https:\/\/chacosintesis.com.ar\/index.php\/wp-json\/wp\/v2\/comments?post=16294"}],"version-history":[{"count":0,"href":"https:\/\/chacosintesis.com.ar\/index.php\/wp-json\/wp\/v2\/posts\/16294\/revisions"}],"wp:featuredmedia":[{"embeddable":true,"href":"https:\/\/chacosintesis.com.ar\/index.php\/wp-json\/wp\/v2\/media\/16295"}],"wp:attachment":[{"href":"https:\/\/chacosintesis.com.ar\/index.php\/wp-json\/wp\/v2\/media?parent=16294"}],"wp:term":[{"taxonomy":"category","embeddable":true,"href":"https:\/\/chacosintesis.com.ar\/index.php\/wp-json\/wp\/v2\/categories?post=16294"},{"taxonomy":"post_tag","embeddable":true,"href":"https:\/\/chacosintesis.com.ar\/index.php\/wp-json\/wp\/v2\/tags?post=16294"}],"curies":[{"name":"wp","href":"https:\/\/api.w.org\/{rel}","templated":true}]}}