{"id":16292,"date":"2022-07-11T13:22:44","date_gmt":"2022-07-11T16:22:44","guid":{"rendered":"https:\/\/chacosintesis.com.ar\/?p=16292"},"modified":"2022-07-11T13:36:39","modified_gmt":"2022-07-11T16:36:39","slug":"presentan-este-martes-el-i-congreso-internacional-del-derecho-del-arte-en-la-provincia","status":"publish","type":"post","link":"https:\/\/chacosintesis.com.ar\/index.php\/presentan-este-martes-el-i-congreso-internacional-del-derecho-del-arte-en-la-provincia\/","title":{"rendered":"Presentan este martes el I Congreso Internacional del Derecho del Arte en la provincia"},"content":{"rendered":"<p>La Fundaci\u00f3n Urunday presentar\u00e1, este martes a las 11 en conferencia de prensa, en el Museum del Domo del Centenario de Resistencia, el I Congreso Internacional de Derecho del Arte, evento auspiciado por el Poder Legislativo. El encuentro acad\u00e9mico, que se realizar\u00e1 el 20 pr\u00f3ximo, convoca a fil\u00f3sofos, juristas, abogados, artistas y estudiosos de la confluencia entre el Derecho y el Arte, sus complejidades, desaf\u00edos de propiedad, como as\u00ed tambi\u00e9n las problem\u00e1ticas individuales y colectivas de los artistas. Participar\u00e1n disertantes de Espa\u00f1a y de la Rep\u00fablica Argentina que est\u00e1n especialmente convocados, quienes deliberar\u00e1n y debatir\u00e1n durante todo el encuentro y con posterioridad emitir\u00e1n documentos en relaci\u00f3n a las conclusiones.<\/p>\n","protected":false},"excerpt":{"rendered":"<p>La Fundaci\u00f3n Urunday presentar\u00e1, este martes a las 11 en conferencia de prensa, en el Museum del Domo del Centenario de Resistencia, el I Congreso Internacional de Derecho del Arte, evento auspiciado por el Poder Legislativo. El encuentro acad\u00e9mico, que se realizar\u00e1 el 20 pr\u00f3ximo, convoca a fil\u00f3sofos, juristas, abogados, artistas y estudiosos de la [&hellip;]<\/p>\n","protected":false},"author":1,"featured_media":16293,"comment_status":"closed","ping_status":"closed","sticky":false,"template":"","format":"standard","meta":{"footnotes":""},"categories":[6],"tags":[],"class_list":{"0":"post-16292","1":"post","2":"type-post","3":"status-publish","4":"format-standard","5":"has-post-thumbnail","7":"category-chaco"},"_links":{"self":[{"href":"https:\/\/chacosintesis.com.ar\/index.php\/wp-json\/wp\/v2\/posts\/16292","targetHints":{"allow":["GET"]}}],"collection":[{"href":"https:\/\/chacosintesis.com.ar\/index.php\/wp-json\/wp\/v2\/posts"}],"about":[{"href":"https:\/\/chacosintesis.com.ar\/index.php\/wp-json\/wp\/v2\/types\/post"}],"author":[{"embeddable":true,"href":"https:\/\/chacosintesis.com.ar\/index.php\/wp-json\/wp\/v2\/users\/1"}],"replies":[{"embeddable":true,"href":"https:\/\/chacosintesis.com.ar\/index.php\/wp-json\/wp\/v2\/comments?post=16292"}],"version-history":[{"count":0,"href":"https:\/\/chacosintesis.com.ar\/index.php\/wp-json\/wp\/v2\/posts\/16292\/revisions"}],"wp:featuredmedia":[{"embeddable":true,"href":"https:\/\/chacosintesis.com.ar\/index.php\/wp-json\/wp\/v2\/media\/16293"}],"wp:attachment":[{"href":"https:\/\/chacosintesis.com.ar\/index.php\/wp-json\/wp\/v2\/media?parent=16292"}],"wp:term":[{"taxonomy":"category","embeddable":true,"href":"https:\/\/chacosintesis.com.ar\/index.php\/wp-json\/wp\/v2\/categories?post=16292"},{"taxonomy":"post_tag","embeddable":true,"href":"https:\/\/chacosintesis.com.ar\/index.php\/wp-json\/wp\/v2\/tags?post=16292"}],"curies":[{"name":"wp","href":"https:\/\/api.w.org\/{rel}","templated":true}]}}