{"id":16290,"date":"2022-07-11T10:36:48","date_gmt":"2022-07-11T13:36:48","guid":{"rendered":"https:\/\/chacosintesis.com.ar\/?p=16290"},"modified":"2022-07-11T11:07:09","modified_gmt":"2022-07-11T14:07:09","slug":"alerta-amarilla-por-tormentas-para-gran-parte-del-chaco","status":"publish","type":"post","link":"https:\/\/chacosintesis.com.ar\/index.php\/alerta-amarilla-por-tormentas-para-gran-parte-del-chaco\/","title":{"rendered":"Alerta amarilla por tormentas para gran parte del Chaco"},"content":{"rendered":"<p>El Servicio Meteorol\u00f3gico Nacional advirti\u00f3 en la ma\u00f1ana de este lunes que para gran parte del Chaco rige un alerta amarilla por posibles tormentas, algunas de ellas fuertes de manera localizada, las cuales podr\u00edan originarse desde el mediod\u00eda.<br \/>\nEstas lluvias dar\u00edan fin a las temperaturas veraniegas de los \u00faltimos d\u00edas ya que se dar\u00eda el ingreso de un frente fr\u00edo. Desde el sitio infomet detallaron a trav\u00e9s de sus redes sociales que \u201cel aire fr\u00edo nuevamente volver\u00e1 a ganar lugar (que es lo esperado para esta \u00e9poca del a\u00f1o), generando un descenso marcado de temperatura, por lo que la segunda semana de julio, transitar\u00eda bajo condiciones m\u00e1s fr\u00edas\u201d.<br \/>\nPara ma\u00f1ana martes se espera un brusco descenso de los valores t\u00e9rmicos ya que se espera una m\u00ednima de 8 grados y una m\u00e1xima de 17.<\/p>\n","protected":false},"excerpt":{"rendered":"<p>El Servicio Meteorol\u00f3gico Nacional advirti\u00f3 en la ma\u00f1ana de este lunes que para gran parte del Chaco rige un alerta amarilla por posibles tormentas, algunas de ellas fuertes de manera localizada, las cuales podr\u00edan originarse desde el mediod\u00eda. Estas lluvias dar\u00edan fin a las temperaturas veraniegas de los \u00faltimos d\u00edas ya que se dar\u00eda el [&hellip;]<\/p>\n","protected":false},"author":1,"featured_media":16291,"comment_status":"closed","ping_status":"closed","sticky":false,"template":"","format":"standard","meta":{"footnotes":""},"categories":[6],"tags":[],"class_list":{"0":"post-16290","1":"post","2":"type-post","3":"status-publish","4":"format-standard","5":"has-post-thumbnail","7":"category-chaco"},"_links":{"self":[{"href":"https:\/\/chacosintesis.com.ar\/index.php\/wp-json\/wp\/v2\/posts\/16290","targetHints":{"allow":["GET"]}}],"collection":[{"href":"https:\/\/chacosintesis.com.ar\/index.php\/wp-json\/wp\/v2\/posts"}],"about":[{"href":"https:\/\/chacosintesis.com.ar\/index.php\/wp-json\/wp\/v2\/types\/post"}],"author":[{"embeddable":true,"href":"https:\/\/chacosintesis.com.ar\/index.php\/wp-json\/wp\/v2\/users\/1"}],"replies":[{"embeddable":true,"href":"https:\/\/chacosintesis.com.ar\/index.php\/wp-json\/wp\/v2\/comments?post=16290"}],"version-history":[{"count":0,"href":"https:\/\/chacosintesis.com.ar\/index.php\/wp-json\/wp\/v2\/posts\/16290\/revisions"}],"wp:featuredmedia":[{"embeddable":true,"href":"https:\/\/chacosintesis.com.ar\/index.php\/wp-json\/wp\/v2\/media\/16291"}],"wp:attachment":[{"href":"https:\/\/chacosintesis.com.ar\/index.php\/wp-json\/wp\/v2\/media?parent=16290"}],"wp:term":[{"taxonomy":"category","embeddable":true,"href":"https:\/\/chacosintesis.com.ar\/index.php\/wp-json\/wp\/v2\/categories?post=16290"},{"taxonomy":"post_tag","embeddable":true,"href":"https:\/\/chacosintesis.com.ar\/index.php\/wp-json\/wp\/v2\/tags?post=16290"}],"curies":[{"name":"wp","href":"https:\/\/api.w.org\/{rel}","templated":true}]}}