{"id":16286,"date":"2022-07-11T09:26:41","date_gmt":"2022-07-11T12:26:41","guid":{"rendered":"https:\/\/chacosintesis.com.ar\/?p=16286"},"modified":"2022-07-11T09:37:39","modified_gmt":"2022-07-11T12:37:39","slug":"vacaciones-de-invierno-cuando-inicia-el-receso-escolar-en-la-provincia","status":"publish","type":"post","link":"https:\/\/chacosintesis.com.ar\/index.php\/vacaciones-de-invierno-cuando-inicia-el-receso-escolar-en-la-provincia\/","title":{"rendered":"Vacaciones de invierno: cu\u00e1ndo inicia el receso escolar en la provincia"},"content":{"rendered":"<p>De acuerdo a la Resoluci\u00f3n 604\/22 dispuesta por el Ministerio de Educaci\u00f3n de la provincia de Chaco, la semana que viene iniciar\u00e1 el receso invernal en las escuelas chaque\u00f1as.<br \/>\nSeg\u00fan el calendario escolar para el Per\u00edodo 2022 aprobado en el Consejo Federal de Educaci\u00f3n, el mismo contempla 190 d\u00edas de clases y estipulaba el comienzo de las vacaciones de invierno el lunes 18 de julio hasta el viernes 29 del mismo mes .<br \/>\nEn ese marco, estipularon que el Per\u00edodo Lectivo para los niveles Inicial, Primario y Secundario finalizar\u00e1 el 21 de diciembre; dos d\u00edas despu\u00e9s ser\u00e1 el cierre del ciclo escolar.<br \/>\nCabe se\u00f1alar que 16 provincias ya comenzaron este lunes 11 con el receso escolar de invierno y Chaco iniciar\u00e1 el pr\u00f3ximo lunes junto con la Ciudad y la provincia de Buenos Aires, Corrientes, Formosa, Santa Cruz, Santiago del Estero y Tierra del Fuego.<br \/>\nDiariochaco.-<\/p>\n","protected":false},"excerpt":{"rendered":"<p>De acuerdo a la Resoluci\u00f3n 604\/22 dispuesta por el Ministerio de Educaci\u00f3n de la provincia de Chaco, la semana que viene iniciar\u00e1 el receso invernal en las escuelas chaque\u00f1as. Seg\u00fan el calendario escolar para el Per\u00edodo 2022 aprobado en el Consejo Federal de Educaci\u00f3n, el mismo contempla 190 d\u00edas de clases y estipulaba el comienzo [&hellip;]<\/p>\n","protected":false},"author":1,"featured_media":16287,"comment_status":"closed","ping_status":"closed","sticky":false,"template":"","format":"standard","meta":{"footnotes":""},"categories":[6],"tags":[],"class_list":{"0":"post-16286","1":"post","2":"type-post","3":"status-publish","4":"format-standard","5":"has-post-thumbnail","7":"category-chaco"},"_links":{"self":[{"href":"https:\/\/chacosintesis.com.ar\/index.php\/wp-json\/wp\/v2\/posts\/16286","targetHints":{"allow":["GET"]}}],"collection":[{"href":"https:\/\/chacosintesis.com.ar\/index.php\/wp-json\/wp\/v2\/posts"}],"about":[{"href":"https:\/\/chacosintesis.com.ar\/index.php\/wp-json\/wp\/v2\/types\/post"}],"author":[{"embeddable":true,"href":"https:\/\/chacosintesis.com.ar\/index.php\/wp-json\/wp\/v2\/users\/1"}],"replies":[{"embeddable":true,"href":"https:\/\/chacosintesis.com.ar\/index.php\/wp-json\/wp\/v2\/comments?post=16286"}],"version-history":[{"count":0,"href":"https:\/\/chacosintesis.com.ar\/index.php\/wp-json\/wp\/v2\/posts\/16286\/revisions"}],"wp:featuredmedia":[{"embeddable":true,"href":"https:\/\/chacosintesis.com.ar\/index.php\/wp-json\/wp\/v2\/media\/16287"}],"wp:attachment":[{"href":"https:\/\/chacosintesis.com.ar\/index.php\/wp-json\/wp\/v2\/media?parent=16286"}],"wp:term":[{"taxonomy":"category","embeddable":true,"href":"https:\/\/chacosintesis.com.ar\/index.php\/wp-json\/wp\/v2\/categories?post=16286"},{"taxonomy":"post_tag","embeddable":true,"href":"https:\/\/chacosintesis.com.ar\/index.php\/wp-json\/wp\/v2\/tags?post=16286"}],"curies":[{"name":"wp","href":"https:\/\/api.w.org\/{rel}","templated":true}]}}