{"id":16277,"date":"2022-07-11T08:51:44","date_gmt":"2022-07-11T11:51:44","guid":{"rendered":"https:\/\/chacosintesis.com.ar\/?p=16277"},"modified":"2022-07-11T09:07:21","modified_gmt":"2022-07-11T12:07:21","slug":"el-chaco-no-registro-fallecidos-por-covid-19-en-la-ultima-semana","status":"publish","type":"post","link":"https:\/\/chacosintesis.com.ar\/index.php\/el-chaco-no-registro-fallecidos-por-covid-19-en-la-ultima-semana\/","title":{"rendered":"El Chaco no registr\u00f3 fallecidos por Covid-19 en la \u00faltima semana"},"content":{"rendered":"<p>El informe elaborado por el Ministerio de Salud de la Naci\u00f3n dio cuenta de la detecci\u00f3n de 645 contagios en la provincia, durante los \u00faltimos siete d\u00edas. En todo el pa\u00eds, los nuevos casos en ese per\u00edodo de tiempo fueron 31.845, un 17% m\u00e1s que la semana anterior.<br \/>\nEl Ministerio de Salud report\u00f3 este domingo 36 muertes por coronavirus, ninguna de ellas en el Chaco, y 31.845 contagios en la \u00faltima semana en la Argentina, lo que representa un 17% m\u00e1s de casos que el domingo pasado (27.154).<br \/>\nDe esta manera, suman 129.145 los fallecidos registrados oficialmente a nivel nacional y 9.426.171 los contagiados desde el inicio de la pandemia.<br \/>\nLa cartera sanitaria indic\u00f3 que son 393 los internados con coronavirus en unidades de terapia intensiva, con un porcentaje de ocupaci\u00f3n de camas de adultos en el sector p\u00fablico y privado, para todas las patolog\u00edas, de 43,8% en el pa\u00eds.<br \/>\nDurante la \u00faltima semana murieron 16 personas en Buenos Aires, 5 en la Ciudad de Buenos Aires, 2 en Catamarca, 5 en Entre R\u00edos, 1 en Misiones, 3 en Neuqu\u00e9n, 2 en R\u00edo Negro, 1 en San Juan, y 2 en Tierra del Fuego.<br \/>\nC\u00f3rdoba (-1), en tanto, reasign\u00f3 un caso que pertenece a otra jurisdicci\u00f3n.<br \/>\nSeg\u00fan la \u00faltima actualizaci\u00f3n del Monitor P\u00fablico de Vacunaci\u00f3n, el total de dosis aplicadas asciende a 106.474.858, de los cuales 40.853.563 recibieron una dosis, 37.612.722 las dos, 3.107.273 una adicional y 24.881.147 una de refuerzo, mientras que las vacunas distribuidas a las jurisdicciones llegan a 114.183.509 y las donadas a 5.083.000.<br \/>\nTelam.-<\/p>\n","protected":false},"excerpt":{"rendered":"<p>El informe elaborado por el Ministerio de Salud de la Naci\u00f3n dio cuenta de la detecci\u00f3n de 645 contagios en la provincia, durante los \u00faltimos siete d\u00edas. En todo el pa\u00eds, los nuevos casos en ese per\u00edodo de tiempo fueron 31.845, un 17% m\u00e1s que la semana anterior. El Ministerio de Salud report\u00f3 este domingo [&hellip;]<\/p>\n","protected":false},"author":1,"featured_media":16278,"comment_status":"closed","ping_status":"closed","sticky":false,"template":"","format":"standard","meta":{"footnotes":""},"categories":[6],"tags":[],"class_list":{"0":"post-16277","1":"post","2":"type-post","3":"status-publish","4":"format-standard","5":"has-post-thumbnail","7":"category-chaco"},"_links":{"self":[{"href":"https:\/\/chacosintesis.com.ar\/index.php\/wp-json\/wp\/v2\/posts\/16277","targetHints":{"allow":["GET"]}}],"collection":[{"href":"https:\/\/chacosintesis.com.ar\/index.php\/wp-json\/wp\/v2\/posts"}],"about":[{"href":"https:\/\/chacosintesis.com.ar\/index.php\/wp-json\/wp\/v2\/types\/post"}],"author":[{"embeddable":true,"href":"https:\/\/chacosintesis.com.ar\/index.php\/wp-json\/wp\/v2\/users\/1"}],"replies":[{"embeddable":true,"href":"https:\/\/chacosintesis.com.ar\/index.php\/wp-json\/wp\/v2\/comments?post=16277"}],"version-history":[{"count":0,"href":"https:\/\/chacosintesis.com.ar\/index.php\/wp-json\/wp\/v2\/posts\/16277\/revisions"}],"wp:featuredmedia":[{"embeddable":true,"href":"https:\/\/chacosintesis.com.ar\/index.php\/wp-json\/wp\/v2\/media\/16278"}],"wp:attachment":[{"href":"https:\/\/chacosintesis.com.ar\/index.php\/wp-json\/wp\/v2\/media?parent=16277"}],"wp:term":[{"taxonomy":"category","embeddable":true,"href":"https:\/\/chacosintesis.com.ar\/index.php\/wp-json\/wp\/v2\/categories?post=16277"},{"taxonomy":"post_tag","embeddable":true,"href":"https:\/\/chacosintesis.com.ar\/index.php\/wp-json\/wp\/v2\/tags?post=16277"}],"curies":[{"name":"wp","href":"https:\/\/api.w.org\/{rel}","templated":true}]}}