{"id":16271,"date":"2022-07-09T17:08:28","date_gmt":"2022-07-09T20:08:28","guid":{"rendered":"https:\/\/chacosintesis.com.ar\/?p=16271"},"modified":"2022-07-09T17:37:37","modified_gmt":"2022-07-09T20:37:37","slug":"cuesta-que-renazca-en-nosotros-el-sueno-de-una-patria-grande-libre-y-justa-para-todas-y-todos","status":"publish","type":"post","link":"https:\/\/chacosintesis.com.ar\/index.php\/cuesta-que-renazca-en-nosotros-el-sueno-de-una-patria-grande-libre-y-justa-para-todas-y-todos\/","title":{"rendered":"Cuesta: \u201cQue renazca en nosotros el sue\u00f1o de una Patria grande, libre y justa para todas y todos\u201d"},"content":{"rendered":"<p>En una nueva conmemoraci\u00f3n del D\u00eda de la Independencia Argentina, el Poder Legislativo particip\u00f3 de los festejos organizados por el Municipio de Resistencia en el barrio 13 de Diciembre, en la zona sur de la capital chaque\u00f1a. La presidenta Elida Cuesta y las legisladoras Andrea Charole y Gricelda Ojeda acompa\u00f1aron al intendente Gustavo Mart\u00ednez en el acto central. Adem\u00e1s, las y los trabajadores legislativos sirvieron el chocolate patrio a las y los vecinos, como as\u00ed tambi\u00e9n a alumnas y alumnos de las diferentes escuelas que participaron del desfile. Cuesta llam\u00f3 a honrar el legado de los pr\u00f3ceres fundadores y a redoblar los esfuerzos para construir una Patria libre, soberana e inclusiva que contenga a todas las y los argentinos. \u201cQueremos que nuestro pueblo recupere la esperanza en estos tiempos dif\u00edciles, pasamos dos a\u00f1os muy duros y todav\u00eda estamos viviendo las consecuencias de la pandemia, pero estoy convencida de que debemos transitar el camino del reencuentro y construir, entre todos, la unidad nacional\u201d, manifest\u00f3. Adem\u00e1s, la titular del cuerpo legislativo agradeci\u00f3 el compromiso de las y los trabajadores legislativos que acompa\u00f1aron el festejo sirviendo el chocolate patrio a todos los presentes.<br \/>\nReivindicar el esp\u00edritu patri\u00f3tico Ojeda destac\u00f3 lo emocionante que es encontrarse y ver c\u00f3mo la comunidad disfruta en familia. \u201cEn esta d\u00eda y con esta fiesta patria recordamos los 206 a\u00f1os de nuestra independencia y tenemos que seguir fortaleciendo esto a trav\u00e9s de la unidad y de la solidaridad para seguir sosteniendo la independencia y la liberaci\u00f3n de nuestra Patria&#8221;, expres\u00f3 la legisladora. Para finalizar, Charole valor\u00f3 los actos c\u00edvicos que organiza el intendente de Resistencia, los cuales permiten compartir desde la Legislatura y  reivindicar a estas fiestas que durante dos a\u00f1os no se pudieron hacer. \u201cQue hoy podamos dar ese esp\u00edritu patri\u00f3tico de reivindicar la independencia y transmitir a nuestras hijas e hijos, nietas y nietos  nuestra historia y nuestros h\u00e9roes que forjaron nuestra Patria libre e independiente es algo que hay que destacar y valorar&#8221;, concluy\u00f3 la diputada.<\/p>\n","protected":false},"excerpt":{"rendered":"<p>En una nueva conmemoraci\u00f3n del D\u00eda de la Independencia Argentina, el Poder Legislativo particip\u00f3 de los festejos organizados por el Municipio de Resistencia en el barrio 13 de Diciembre, en la zona sur de la capital chaque\u00f1a. La presidenta Elida Cuesta y las legisladoras Andrea Charole y Gricelda Ojeda acompa\u00f1aron al intendente Gustavo Mart\u00ednez en [&hellip;]<\/p>\n","protected":false},"author":1,"featured_media":16272,"comment_status":"closed","ping_status":"closed","sticky":false,"template":"","format":"standard","meta":{"footnotes":""},"categories":[6],"tags":[],"class_list":{"0":"post-16271","1":"post","2":"type-post","3":"status-publish","4":"format-standard","5":"has-post-thumbnail","7":"category-chaco"},"_links":{"self":[{"href":"https:\/\/chacosintesis.com.ar\/index.php\/wp-json\/wp\/v2\/posts\/16271","targetHints":{"allow":["GET"]}}],"collection":[{"href":"https:\/\/chacosintesis.com.ar\/index.php\/wp-json\/wp\/v2\/posts"}],"about":[{"href":"https:\/\/chacosintesis.com.ar\/index.php\/wp-json\/wp\/v2\/types\/post"}],"author":[{"embeddable":true,"href":"https:\/\/chacosintesis.com.ar\/index.php\/wp-json\/wp\/v2\/users\/1"}],"replies":[{"embeddable":true,"href":"https:\/\/chacosintesis.com.ar\/index.php\/wp-json\/wp\/v2\/comments?post=16271"}],"version-history":[{"count":0,"href":"https:\/\/chacosintesis.com.ar\/index.php\/wp-json\/wp\/v2\/posts\/16271\/revisions"}],"wp:featuredmedia":[{"embeddable":true,"href":"https:\/\/chacosintesis.com.ar\/index.php\/wp-json\/wp\/v2\/media\/16272"}],"wp:attachment":[{"href":"https:\/\/chacosintesis.com.ar\/index.php\/wp-json\/wp\/v2\/media?parent=16271"}],"wp:term":[{"taxonomy":"category","embeddable":true,"href":"https:\/\/chacosintesis.com.ar\/index.php\/wp-json\/wp\/v2\/categories?post=16271"},{"taxonomy":"post_tag","embeddable":true,"href":"https:\/\/chacosintesis.com.ar\/index.php\/wp-json\/wp\/v2\/tags?post=16271"}],"curies":[{"name":"wp","href":"https:\/\/api.w.org\/{rel}","templated":true}]}}