{"id":16261,"date":"2022-07-09T08:59:29","date_gmt":"2022-07-09T11:59:29","guid":{"rendered":"https:\/\/chacosintesis.com.ar\/?p=16261"},"modified":"2022-07-09T09:06:45","modified_gmt":"2022-07-09T12:06:45","slug":"ayelen-bellier-belleza-chaquena-en-miss-earth","status":"publish","type":"post","link":"https:\/\/chacosintesis.com.ar\/index.php\/ayelen-bellier-belleza-chaquena-en-miss-earth\/","title":{"rendered":"Ayel\u00e9n Bellier: belleza chaque\u00f1a en Miss Earth"},"content":{"rendered":"<p>El 27 de julio, en el Teatro Empire de Buenos Aires, Ayel\u00e9n Bellier representar\u00e1 a la provincia del Chaco en el certamen &#8220;Miss Earth&#8221;. Se hace patria desde el lugar que cada uno ocupa, y es as\u00ed que esta joven se capacita para llevar adelante un proyecto de protecci\u00f3n ambiental, comprometi\u00e9ndose con la concienciaci\u00f3n e implementaci\u00f3n de actividades para vivir en un planeta que incluya a todos.<\/p>\n<p>Ayel\u00e9n Bellier tiene 26 a\u00f1os, est\u00e1 a unos meses de recibirse de licenciada en Marketing internacional. Tiene experiencia como modelo gr\u00e1fica y de pasarela; adem\u00e1s, particip\u00f3 en cert\u00e1menes como Se\u00f1orita Independencia, Miss Petite Argentina, Miss Latina y reinados locales.<br \/>\nLa joven, nacida en la ciudad de Resistencia, representar\u00e1 al Chaco en el certamen \u2018Miss Earth\u2019, a realizarse este 27 de julio, en el Teatro Empire de Buenos Aires, y competir\u00e1 con trece chicas de todo el pa\u00eds para llegar a la instancia final que se realizar\u00e1 en Filipinas. Fue elegida mediante un casting realizado de manera online, en la primera etapa envi\u00f3 fotos y sali\u00f3 preseleccionada; luego coordinaron una entrevista y finalmente la seleccionaron.<br \/>\n &#8220;El pasado 18 de junio tuvimos una preconcentraci\u00f3n en Buenos Aires, donde hicimos las fotos oficiales y dem\u00e1s producciones para las cuentas oficiales&#8221;. Desde muy chica le gust\u00f3 el mundo del modelaje, pero nunca lo hizo hasta que en 2010, con catorce a\u00f1os, su mam\u00e1 la llev\u00f3 a participar en el certamen donde se eleg\u00eda a la reina del algod\u00f3n.<br \/>\n&#8220;En aquel momento Ingrid Grudke era la cara del evento, fui con varias amigas, vestido y zapatos prestados, maquillada y peinada por mi mam\u00e1; ese a\u00f1o sin preparaci\u00f3n ni experiencia, no qued\u00e9. Pero me invitaron a asistir a una escuela de modelaje y desde ah\u00ed no par\u00e9, me prepar\u00e9 tanto como modelo y como miss; tuve experiencias hermosas, diversos proyectos, desfiles por pasarelas en todo el pa\u00eds para muchos dise\u00f1adores, tanto locales como nacionales&#8221;.<br \/>\n Nos confes\u00f3 que tiene una asignatura pendiente. &#8220;Quiero representar a mi pa\u00eds y aqu\u00ed estoy poniendo todo de m\u00ed para lograrlo en la elecci\u00f3n de Miss Earth, un certamen de belleza creado en Filipinas en 2001, tiene el prop\u00f3sito de promover y concienciar sobre el cuidado ambiental&#8221;.<br \/>\nLas embajadoras del certamen Miss Earth deben organizar un proyecto ecol\u00f3gico pensado para que desde su lugar puedan contribuir al cambio, puede ser una idea propia o sumarse a alg\u00fan movimiento con un objetivo colectivo. &#8220;Para mi proyecto ambiental, estuve muy indecisa al elegir entre el oc\u00e9ano o el yaguaret\u00e9. Siempre supe que ser\u00eda un proyecto educacional; me considero una comunicadora y estoy muy segura que para lograr un cambio importante solo es necesario crear conciencia real y dar herramientas simples para que las personas puedan emplearlas. A partir de esto, y con la ayuda de la organizaci\u00f3n y mis preparadores, me decid\u00ed por \u2018Un oc\u00e9ano del pl\u00e1stico\u2019, ya que es un proyecto m\u00e1s grande, pero con acciones m\u00e1s sencillas que todos podemos hacer&#8221;.<br \/>\n Su proyecto trata de la reducci\u00f3n de uso del pl\u00e1stico, por a\u00f1o llegan a las aguas del mundo m\u00e1s de ocho millones de toneladas de basura, y mucho de ellos son envases de un solo uso. &#8220;Eleg\u00ed este proyecto como un desaf\u00edo, debido a que la situaci\u00f3n actual se convirti\u00f3 en una emergencia y hay que solucionarla con urgencia. El oc\u00e9ano produce gran parte del ox\u00edgeno y alimento que consumimos, adem\u00e1s de extraer el di\u00f3xido de la atm\u00f3sfera. Como ciudadanos, tenemos que promover los cambios en los h\u00e1bitos de consumo, ya que esto es lo que en definitiva har\u00e1 la diferencia&#8221;.<br \/>\nAdem\u00e1s, ella se define como una persona positiva, idealista y aventurera, pero asume riesgos y responsabilidades para con su vida diaria; es as\u00ed que abri\u00f3 su propio local de ropa deportiva: &#8220;El local del ropa lo tengo desde hace cinco a\u00f1os. Al comienzo fue un showroom en mi casa, de ah\u00ed alquil\u00e9 una oficina en la ciudad de Resistencia, pero debido a la pandemia tuve que cerrar, as\u00ed que volv\u00ed al showroom en casa. Ahora, desde hace un a\u00f1o tengo nuevamente un local comercial en Ayacucho y G\u00fcemes de la capital chaque\u00f1a. Lo abr\u00ed con ayuda de mi familia, lo atiendo en conjunto de mi t\u00eda, hermano y amigas&#8221;.<br \/>\nSu local de ropa se llama \u2018M\u00e1s amor\u2019. &#8220;Decid\u00ed ponerle ese nombre porque uno de los valores de la marca es el amor propio; siempre busqu\u00e9 tener todos los talles, manejo desde el 1 al 6 para mujer; as\u00ed, todas las chicas tienen la posibilidad de usar lo que quieren. Tuve la oportunidad de dise\u00f1ar y mandar a hacer tops deportivos y mallas en esos talles&#8221;.<br \/>\nEl trabajo y la capacitaci\u00f3n no ocupan todas sus horas. &#8220;En mi tiempo libre me gusta hacer ejercicio y diferentes disciplinas de danzas, andar en bicicleta, pasar tiempo con mi familia y amigos&#8221;.<br \/>\n Pod\u00e9s encontrar m\u00e1s material sobre su proyecto en Instagram: @ashbellier, y ver m\u00e1s sobre el certamen en @missearthargentina.<br \/>\nPara mayor informaci\u00f3n, cel.: 362-4145204, email: <a href=\"mailto:ayelen.bellieer@gmail\">ayelen.bellieer@gmail<\/a>. com . Cr\u00e9ditos fotogr\u00e1ficos: @estetica.pieldeangel @almaglam2020 @as.rid<\/p>\n","protected":false},"excerpt":{"rendered":"<p>El 27 de julio, en el Teatro Empire de Buenos Aires, Ayel\u00e9n Bellier representar\u00e1 a la provincia del Chaco en el certamen &#8220;Miss Earth&#8221;. Se hace patria desde el lugar que cada uno ocupa, y es as\u00ed que esta joven se capacita para llevar adelante un proyecto de protecci\u00f3n ambiental, comprometi\u00e9ndose con la concienciaci\u00f3n e [&hellip;]<\/p>\n","protected":false},"author":1,"featured_media":16262,"comment_status":"closed","ping_status":"closed","sticky":false,"template":"","format":"standard","meta":{"footnotes":""},"categories":[6],"tags":[],"class_list":{"0":"post-16261","1":"post","2":"type-post","3":"status-publish","4":"format-standard","5":"has-post-thumbnail","7":"category-chaco"},"_links":{"self":[{"href":"https:\/\/chacosintesis.com.ar\/index.php\/wp-json\/wp\/v2\/posts\/16261","targetHints":{"allow":["GET"]}}],"collection":[{"href":"https:\/\/chacosintesis.com.ar\/index.php\/wp-json\/wp\/v2\/posts"}],"about":[{"href":"https:\/\/chacosintesis.com.ar\/index.php\/wp-json\/wp\/v2\/types\/post"}],"author":[{"embeddable":true,"href":"https:\/\/chacosintesis.com.ar\/index.php\/wp-json\/wp\/v2\/users\/1"}],"replies":[{"embeddable":true,"href":"https:\/\/chacosintesis.com.ar\/index.php\/wp-json\/wp\/v2\/comments?post=16261"}],"version-history":[{"count":0,"href":"https:\/\/chacosintesis.com.ar\/index.php\/wp-json\/wp\/v2\/posts\/16261\/revisions"}],"wp:featuredmedia":[{"embeddable":true,"href":"https:\/\/chacosintesis.com.ar\/index.php\/wp-json\/wp\/v2\/media\/16262"}],"wp:attachment":[{"href":"https:\/\/chacosintesis.com.ar\/index.php\/wp-json\/wp\/v2\/media?parent=16261"}],"wp:term":[{"taxonomy":"category","embeddable":true,"href":"https:\/\/chacosintesis.com.ar\/index.php\/wp-json\/wp\/v2\/categories?post=16261"},{"taxonomy":"post_tag","embeddable":true,"href":"https:\/\/chacosintesis.com.ar\/index.php\/wp-json\/wp\/v2\/tags?post=16261"}],"curies":[{"name":"wp","href":"https:\/\/api.w.org\/{rel}","templated":true}]}}