{"id":16243,"date":"2022-07-07T11:24:46","date_gmt":"2022-07-07T14:24:46","guid":{"rendered":"https:\/\/chacosintesis.com.ar\/?p=16243"},"modified":"2022-07-07T11:36:54","modified_gmt":"2022-07-07T14:36:54","slug":"el-centro-de-capacitacion-de-la-fiscalia-de-estado-invita-a-jornada-sobre-derecho-administrativo-en-el-chaco","status":"publish","type":"post","link":"https:\/\/chacosintesis.com.ar\/index.php\/el-centro-de-capacitacion-de-la-fiscalia-de-estado-invita-a-jornada-sobre-derecho-administrativo-en-el-chaco\/","title":{"rendered":"El Centro de Capacitaci\u00f3n de la Fiscal\u00eda de Estado invita a Jornada sobre Derecho Administrativo en el Chaco"},"content":{"rendered":"<p>El pr\u00f3ximo martes 16 de agosto se realizar\u00e1 en Resistencia una Jornada sobre Derecho Administrativo en la Provincia del Chaco, evento que ser\u00e1 de car\u00e1cter presencial.<br \/>\nLa capacitaci\u00f3n se llevar\u00e1 a cabo en el Sal\u00f3n Auditorio del Centro de Estudios Judiciales, ubicado en Juan B. Justo 42, de 17 a 19.<br \/>\nLa misma es coorganizada entre el Centro de Capacitaci\u00f3n de la Fiscal\u00eda de Estado del Chaco (CECAFE) y el Centro de Estudios Judiciales (CEJ) y cuenta adem\u00e1s con el aval institucional del Poder Judicial del Chaco y la Fiscal\u00eda de Estado. Est\u00e1 destinada a empleados y funcionarios judiciales, magistrados y abogados del Estado.<br \/>\nEn la ocasi\u00f3n, la apertura estar\u00e1 a cargo de la presidenta del Superior Tribunal de Justicia, Dra. Emilia Mar\u00eda Valle, y del Fiscal de Estado del Chaco, Dr. Roberto Alejandro Herlein. La jornada ser\u00e1 moderada por el director del CECAFE, Dr. Fernando Petri.<br \/>\nPara inscripciones, se debe rellenar el formulario ingresando al siguiente link: <a href=\"https:\/\/docs.google.com\/forms\/d\/e\/1FAIpQLSe9Cg8DZr23OnaEKS4wGk4FqHUwQoi-O-I6pDVhsdKDuxG8yw\/viewform\">docs.google.com\/forms\/d\/e\/1FAIpQLSe9Cg8DZr23OnaEKS4wGk4FqHUwQoi-O-I6pDVhsdKDuxG8yw\/viewform<\/a>.<br \/>\nEXPOSITORES<br \/>\nLa Jornada sobre Derecho Administrativo en la Provincia del Chaco contar\u00e1 con la disertaci\u00f3n de varios profesionales con importante trayectoria.<br \/>\nGustavo Leguizam\u00f3n, fiscal general de la Fiscal\u00eda de Investigaciones Administrativas del Chaco expondr\u00e1 sobre \u201cEl acto administrativo. Vicios que afectan la causa, objeto, forma y finalidad. Revocaci\u00f3n del acto en sede administrativa y judicial\u201d.<br \/>\nPor su parte, Ver\u00f3nica Domecq, secretaria Letrada de la Sala \u00danica del Superior Tribunal de Justicia &#8211; Secretar\u00eda T\u00e9cnica N\u00b0 2 Contencioso Administrativa, hablar\u00e1 sobre \u201cControl judicial del acto administrativo: motivaci\u00f3n del acto discrecional\u201d.<br \/>\nA su turno, el secretario Letrado de la Sala \u00danica del Superior Tribunal de Justicia &#8211; Secretar\u00eda T\u00e9cnica N\u00b0 1 Contencioso Administrativa, Nicol\u00e1s Prado Lima, disertar\u00e1 respecto a \u201cVisi\u00f3n jurisprudencial del acto administrativo en la Provincia\u201d.<\/p>\n","protected":false},"excerpt":{"rendered":"<p>El pr\u00f3ximo martes 16 de agosto se realizar\u00e1 en Resistencia una Jornada sobre Derecho Administrativo en la Provincia del Chaco, evento que ser\u00e1 de car\u00e1cter presencial. La capacitaci\u00f3n se llevar\u00e1 a cabo en el Sal\u00f3n Auditorio del Centro de Estudios Judiciales, ubicado en Juan B. Justo 42, de 17 a 19. La misma es coorganizada [&hellip;]<\/p>\n","protected":false},"author":1,"featured_media":16244,"comment_status":"closed","ping_status":"closed","sticky":false,"template":"","format":"standard","meta":{"footnotes":""},"categories":[6],"tags":[],"class_list":{"0":"post-16243","1":"post","2":"type-post","3":"status-publish","4":"format-standard","5":"has-post-thumbnail","7":"category-chaco"},"_links":{"self":[{"href":"https:\/\/chacosintesis.com.ar\/index.php\/wp-json\/wp\/v2\/posts\/16243","targetHints":{"allow":["GET"]}}],"collection":[{"href":"https:\/\/chacosintesis.com.ar\/index.php\/wp-json\/wp\/v2\/posts"}],"about":[{"href":"https:\/\/chacosintesis.com.ar\/index.php\/wp-json\/wp\/v2\/types\/post"}],"author":[{"embeddable":true,"href":"https:\/\/chacosintesis.com.ar\/index.php\/wp-json\/wp\/v2\/users\/1"}],"replies":[{"embeddable":true,"href":"https:\/\/chacosintesis.com.ar\/index.php\/wp-json\/wp\/v2\/comments?post=16243"}],"version-history":[{"count":0,"href":"https:\/\/chacosintesis.com.ar\/index.php\/wp-json\/wp\/v2\/posts\/16243\/revisions"}],"wp:featuredmedia":[{"embeddable":true,"href":"https:\/\/chacosintesis.com.ar\/index.php\/wp-json\/wp\/v2\/media\/16244"}],"wp:attachment":[{"href":"https:\/\/chacosintesis.com.ar\/index.php\/wp-json\/wp\/v2\/media?parent=16243"}],"wp:term":[{"taxonomy":"category","embeddable":true,"href":"https:\/\/chacosintesis.com.ar\/index.php\/wp-json\/wp\/v2\/categories?post=16243"},{"taxonomy":"post_tag","embeddable":true,"href":"https:\/\/chacosintesis.com.ar\/index.php\/wp-json\/wp\/v2\/tags?post=16243"}],"curies":[{"name":"wp","href":"https:\/\/api.w.org\/{rel}","templated":true}]}}