{"id":16239,"date":"2022-07-07T11:21:51","date_gmt":"2022-07-07T14:21:51","guid":{"rendered":"https:\/\/chacosintesis.com.ar\/?p=16239"},"modified":"2022-07-07T11:36:51","modified_gmt":"2022-07-07T14:36:51","slug":"el-sueno-de-la-casa-propia-se-entregaron-otras-40-viviendas-para-familias-de-la-tigra","status":"publish","type":"post","link":"https:\/\/chacosintesis.com.ar\/index.php\/el-sueno-de-la-casa-propia-se-entregaron-otras-40-viviendas-para-familias-de-la-tigra\/","title":{"rendered":"El sue\u00f1o de la casa propia: se entregaron otras 40 viviendas para familias de La Tigra"},"content":{"rendered":"<p>El gobernador Jorge Capitanich entreg\u00f3 este jueves unas 40 viviendas en la localidad de La Tigra. Con una inversi\u00f3n de $203.921.129, las nuevas unidades habitacionales forman parte de un paquete de 60, construidas por el IPDUV con aportes del Gobierno nacional. Las primeras 20 fueron inauguradas en septiembre del a\u00f1o pasado.<br \/>\n\u201cUstedes hoy, no solamente van a vivir mejor sino que van a tener un legado para sus hijos, en base a su esfuerzo y su trabajo\u201d, destac\u00f3 el mandatario, acompa\u00f1ado del titular del Instituto Provincial de Desarrollo Urbano y Viviendas (IPDUV), Diego Ar\u00e9valo, el ministro de Planificaci\u00f3n, Econom\u00eda e Infraestructura, Santiago P\u00e9rez Pons y la intendenta de la localidad, Alba S\u00e1nchez.<br \/>\nLas obras, generaron 90 puestos de trabajo de los cuales el 30% fue ocupado por mujeres. Se trata de 26 viviendas de dos dormitorios, 18 de tres dormitorios, 12 de cuatro dormitorios y cuatro destinadas a personas con discapacidad. Adem\u00e1s, el Gobierno provincial ejecuta otras 20 viviendas, y avanza en la licitaci\u00f3n de otras 40, gestionando as\u00ed un plan de 120 viviendas para La Tigra.<br \/>\n\u201cSe estima que para la construcci\u00f3n de una vivienda se generan dos a tres empleos directos e indirectos. Eso significa que trabajan los alba\u00f1iles, los capataces, significa llevar un plato de comida a la mesa de cada una de esas familias. A su vez, cada familia compra en las verduler\u00edas, las carnicer\u00edas, en la panader\u00eda del pueblo. Es un c\u00edrculo virtuoso donde la obra p\u00fablica motoriza el crecimiento de la actividad econ\u00f3mica y el desarrollo de distintas actividades\u201d, ampli\u00f3 Capitanich.<br \/>\nCada vivienda se construy\u00f3 mediante el sistema \u201cCasaforma\u201d, compuesto de poliestireno expandido que lleva en ambas caras mallas de acero vinculadas entre s\u00ed mediante conectores electrosoldados. Cuentan con un interior y exterior revocado, cer\u00e1micos de primera calidad, techo de chapa con cielorraso de yeso, adem\u00e1s de todas las aberturas, instalaci\u00f3n sanitaria, y de agua.<br \/>\n\u201cPoder concretar esta entrega es cumplir con una deuda pendiente que ten\u00edamos con la comunidad, y acercar esperanza de que las familias que hab\u00edan visto una obra paralizada hoy puedan acceder a sus viviendas. Estamos construyendo 20 viviendas m\u00e1s y licitando otras 40, ya que tenemos un plan habitacional para esta localidad que ha crecido tanto. Cada una de las familias que lleg\u00f3 a su vivienda lo hizo a trav\u00e9s de un sorteo p\u00fablico transparente. Esto implica una soluci\u00f3n habitacional, genera empleo y mayor inclusi\u00f3n\u201d, destac\u00f3 el titular de IPDUV, Diego Ar\u00e9valo.<br \/>\nAdem\u00e1s, durante la visita, el gobernador entreg\u00f3 una niveladora de arrastre Grosspal Vg 3700 adquirida por el municipio a trav\u00e9s de la operatoria 613 del Nuevo Banco del Chaco. La adquisici\u00f3n, permitir\u00e1 mejorar el estado de calles y caminos de la localidad.<br \/>\n\u201cCelebramos cada obra que se inaugura en nuestra provincia. Cada una de estas viviendas no s\u00f3lo ser\u00e1 un nuevo hogar para una familia chaque\u00f1a, sino que adem\u00e1s signific\u00f3 trabajo digno para muchos obreros y obreras de La Tigra. El camino es seguir con inversiones, movilizar la obra p\u00fablica para que el Chaco siga creciendo como hasta ahora\u201d, expres\u00f3 el ministro P\u00e9rez Pons tras la inauguraci\u00f3n.<br \/>\nCumplir el sue\u00f1o de la casa propia<br \/>\nGabriel Soto, uno de los beneficiarios de las viviendas, se mostr\u00f3 \u201cmuy feliz de haber recibido nuestra propia casa. Antes viv\u00edamos en el campo en una casa prestada y ahora tendremos nuestro hogar. Primero alquilamos durante varios a\u00f1os, luego est\u00e1bamos en una casa prestada, y ahora tenemos la suerte de seguir adelante en nuestra casa. Estamos muy felices y agradecidos\u201d.<br \/>\nMar\u00eda Cristina Aguirre, otra de las beneficiarias expres\u00f3 estar \u201cfeliz por tener mi casa. Hace muchos a\u00f1os est\u00e1bamos esperando esto. Ten\u00edamos una casa de barro en el campo, as\u00ed que estamos muy contentos y agradecidos. Ahora esta casa nos queda m\u00e1s cerca de la escuela de las nenas\u201d.<br \/>\nLa intendenta local, Alba S\u00e1nchez, record\u00f3 los a\u00f1os que estuvo paralizada la obra, durante la gesti\u00f3n nacional anterior: \u201cme cans\u00e9 de llamar a Naci\u00f3n en esos a\u00f1os y no hubo respuestas. Hoy tenemos un mont\u00f3n de obras para inaugurar, y lo mejor que podemos hacer es lograr que las familias tengan su propia casa\u201d, expres\u00f3.<\/p>\n","protected":false},"excerpt":{"rendered":"<p>El gobernador Jorge Capitanich entreg\u00f3 este jueves unas 40 viviendas en la localidad de La Tigra. Con una inversi\u00f3n de $203.921.129, las nuevas unidades habitacionales forman parte de un paquete de 60, construidas por el IPDUV con aportes del Gobierno nacional. Las primeras 20 fueron inauguradas en septiembre del a\u00f1o pasado. \u201cUstedes hoy, no solamente [&hellip;]<\/p>\n","protected":false},"author":1,"featured_media":16240,"comment_status":"closed","ping_status":"closed","sticky":false,"template":"","format":"standard","meta":{"footnotes":""},"categories":[6],"tags":[],"class_list":{"0":"post-16239","1":"post","2":"type-post","3":"status-publish","4":"format-standard","5":"has-post-thumbnail","7":"category-chaco"},"_links":{"self":[{"href":"https:\/\/chacosintesis.com.ar\/index.php\/wp-json\/wp\/v2\/posts\/16239","targetHints":{"allow":["GET"]}}],"collection":[{"href":"https:\/\/chacosintesis.com.ar\/index.php\/wp-json\/wp\/v2\/posts"}],"about":[{"href":"https:\/\/chacosintesis.com.ar\/index.php\/wp-json\/wp\/v2\/types\/post"}],"author":[{"embeddable":true,"href":"https:\/\/chacosintesis.com.ar\/index.php\/wp-json\/wp\/v2\/users\/1"}],"replies":[{"embeddable":true,"href":"https:\/\/chacosintesis.com.ar\/index.php\/wp-json\/wp\/v2\/comments?post=16239"}],"version-history":[{"count":0,"href":"https:\/\/chacosintesis.com.ar\/index.php\/wp-json\/wp\/v2\/posts\/16239\/revisions"}],"wp:featuredmedia":[{"embeddable":true,"href":"https:\/\/chacosintesis.com.ar\/index.php\/wp-json\/wp\/v2\/media\/16240"}],"wp:attachment":[{"href":"https:\/\/chacosintesis.com.ar\/index.php\/wp-json\/wp\/v2\/media?parent=16239"}],"wp:term":[{"taxonomy":"category","embeddable":true,"href":"https:\/\/chacosintesis.com.ar\/index.php\/wp-json\/wp\/v2\/categories?post=16239"},{"taxonomy":"post_tag","embeddable":true,"href":"https:\/\/chacosintesis.com.ar\/index.php\/wp-json\/wp\/v2\/tags?post=16239"}],"curies":[{"name":"wp","href":"https:\/\/api.w.org\/{rel}","templated":true}]}}