{"id":16225,"date":"2022-07-06T18:34:34","date_gmt":"2022-07-06T21:34:34","guid":{"rendered":"https:\/\/chacosintesis.com.ar\/?p=16225"},"modified":"2022-07-06T18:36:42","modified_gmt":"2022-07-06T21:36:42","slug":"se-entregaron-ayudas-economicas-y-pensiones-no-contributivas-para-familias-en-situacion-de-vulnerabilidad","status":"publish","type":"post","link":"https:\/\/chacosintesis.com.ar\/index.php\/se-entregaron-ayudas-economicas-y-pensiones-no-contributivas-para-familias-en-situacion-de-vulnerabilidad\/","title":{"rendered":"Se entregaron ayudas econ\u00f3micas y pensiones no contributivas para familias en situaci\u00f3n de vulnerabilidad"},"content":{"rendered":"<p>El Gobierno provincial entreg\u00f3 este mi\u00e9rcoles ayudas econ\u00f3micas y pensiones no contributivas en el Sal\u00f3n Obligado de Casa de Gobierno, con la participaci\u00f3n del gobernador Jorge Capitanich, la vicegobernadora Anal\u00eda Rach Quiroga, y la secretaria general de Gobernaci\u00f3n, Noelia Canteros.<br \/>\n\u201cTrabajamos activamente con los diversos organismos y equipos provinciales para generar pol\u00edticas p\u00fablicas con alta sensibilidad social y brindamos diversos mecanismos de ayudas espec\u00edficas a las personas con mayores necesidades. Durante este periodo hemos podido resolver 421 demandas espec\u00edficas de personas en situaci\u00f3n de vulnerabilidad a trav\u00e9s de los mecanismos de ayuda econ\u00f3mica en Salud y Subsistencia familiar\u201d, destac\u00f3 el gobernador.<br \/>\nEn esta oportunidad se entregaron 41 ayudas econ\u00f3micas para concretar traslados o costear estad\u00edas en centros sanitarios, comprar medicamentos, pr\u00f3tesis y otros insumos m\u00e9dicos necesarios para familias vulnerables.<br \/>\nEn cuanto a las pensiones no contributivas se entregaron 17 en el marco de la Ley 360-H. Se trata de seis pensiones por invalidez, diez por vejez y una por madre desamparada, que se canalizan por la Direcci\u00f3n de Aportes especiales, dependiente de la Subsecretaria de Legal y T\u00e9cnica en la \u00d3rbita de la Secretar\u00eda General de Gobernaci\u00f3n<br \/>\n\u201cEn este tiempo, junto a la Fundaci\u00f3n Chaco Solidario, hemos resuelto cerca de 6.000 pedidos en distintos rincones de nuestra provincia. Nos preocupa y ocupa proteger la salud y garantizar la subsistencia aquellos que m\u00e1s lo necesitan\u201d, ampli\u00f3 el mandatario.<\/p>\n","protected":false},"excerpt":{"rendered":"<p>El Gobierno provincial entreg\u00f3 este mi\u00e9rcoles ayudas econ\u00f3micas y pensiones no contributivas en el Sal\u00f3n Obligado de Casa de Gobierno, con la participaci\u00f3n del gobernador Jorge Capitanich, la vicegobernadora Anal\u00eda Rach Quiroga, y la secretaria general de Gobernaci\u00f3n, Noelia Canteros. \u201cTrabajamos activamente con los diversos organismos y equipos provinciales para generar pol\u00edticas p\u00fablicas con alta [&hellip;]<\/p>\n","protected":false},"author":1,"featured_media":16226,"comment_status":"closed","ping_status":"closed","sticky":false,"template":"","format":"standard","meta":{"footnotes":""},"categories":[6],"tags":[],"class_list":{"0":"post-16225","1":"post","2":"type-post","3":"status-publish","4":"format-standard","5":"has-post-thumbnail","7":"category-chaco"},"_links":{"self":[{"href":"https:\/\/chacosintesis.com.ar\/index.php\/wp-json\/wp\/v2\/posts\/16225","targetHints":{"allow":["GET"]}}],"collection":[{"href":"https:\/\/chacosintesis.com.ar\/index.php\/wp-json\/wp\/v2\/posts"}],"about":[{"href":"https:\/\/chacosintesis.com.ar\/index.php\/wp-json\/wp\/v2\/types\/post"}],"author":[{"embeddable":true,"href":"https:\/\/chacosintesis.com.ar\/index.php\/wp-json\/wp\/v2\/users\/1"}],"replies":[{"embeddable":true,"href":"https:\/\/chacosintesis.com.ar\/index.php\/wp-json\/wp\/v2\/comments?post=16225"}],"version-history":[{"count":0,"href":"https:\/\/chacosintesis.com.ar\/index.php\/wp-json\/wp\/v2\/posts\/16225\/revisions"}],"wp:featuredmedia":[{"embeddable":true,"href":"https:\/\/chacosintesis.com.ar\/index.php\/wp-json\/wp\/v2\/media\/16226"}],"wp:attachment":[{"href":"https:\/\/chacosintesis.com.ar\/index.php\/wp-json\/wp\/v2\/media?parent=16225"}],"wp:term":[{"taxonomy":"category","embeddable":true,"href":"https:\/\/chacosintesis.com.ar\/index.php\/wp-json\/wp\/v2\/categories?post=16225"},{"taxonomy":"post_tag","embeddable":true,"href":"https:\/\/chacosintesis.com.ar\/index.php\/wp-json\/wp\/v2\/tags?post=16225"}],"curies":[{"name":"wp","href":"https:\/\/api.w.org\/{rel}","templated":true}]}}