{"id":16223,"date":"2022-07-06T18:31:16","date_gmt":"2022-07-06T21:31:16","guid":{"rendered":"https:\/\/chacosintesis.com.ar\/?p=16223"},"modified":"2022-07-06T18:36:41","modified_gmt":"2022-07-06T21:36:41","slug":"el-poder-legislativo-presento-la-iniciativa-que-propone-el-observatorio-de-victimas-de-delitos-ovd","status":"publish","type":"post","link":"https:\/\/chacosintesis.com.ar\/index.php\/el-poder-legislativo-presento-la-iniciativa-que-propone-el-observatorio-de-victimas-de-delitos-ovd\/","title":{"rendered":"El Poder Legislativo present\u00f3 la iniciativa que propone el Observatorio de V\u00edctimas de Delitos (OVD)"},"content":{"rendered":"<p>La presidenta del Poder Legislativo, Elida Cuesta, junto con los legisladores Mariela Quir\u00f3s y Hugo Sager, present\u00f3 este mi\u00e9rcoles el proyecto de ley que propone crear el Observatorio de V\u00edctimas de Delitos (OVD) Amanda Encaje y N\u00e9stor Vivo, en el \u00e1mbito de la Legislatura provincial, a la secretar\u00eda de Derechos Humanos y G\u00e9neros, Nayla Bosch; y a Andrea Mart\u00ednez, familiar de Amanda Encaje.<\/p>\n<p>La finalidad de este proyecto es que el organismo brinde monitoreo, seguimiento y an\u00e1lisis a las cuestiones relacionadas con las v\u00edctimas del delito, sus familiares y entornos. \u201cNuestra funci\u00f3n es acompa\u00f1ar a los familiares, que sepan que no est\u00e1n solos, es por eso que vamos a seguir trabajando para generar pol\u00edticas p\u00fablicas efectivas para el ejercicio pleno de los derechos y garant\u00edas de las v\u00edctimas\u201d, remarc\u00f3 Cuesta.<br \/>\n Amanda Encaje fue asesinada en las instalaciones de Supercemento SA, ubicada en Resistencia, en abril de 1992. Su cuerpo fue encontrado junto con el de N\u00e9stor Vivo, quien era director de esa empresa. Ambos fueron golpeados y torturados antes de su muerte.<br \/>\n El observatorio estar\u00e1 integrado por v\u00edctimas de delitos y sus familiares, asociaciones civiles y fundaciones cuyo objeto estatutario se vincule directamente con la defensa de los derechos que se consideren lesionados, y por integrantes de la sala penal del Superior Tribunal de Justicia, un representante del Ministerio P\u00fablico Fiscal, un representante del Ministerio P\u00fablico de la Defensa, un representante del Poder Ejecutivo provincial y dos legisladores provinciales por la mayor\u00eda y minor\u00eda parlamentaria.<br \/>\n Luego de la reuni\u00f3n, Cuesta destac\u00f3 la idea del proyecto, que contar\u00e1 con la participaci\u00f3n de los tres poderes del Estado y va a depender del Poder Legislativo, de la Comisi\u00f3n de Legislaci\u00f3n General, Justicia y Seguridad, para que sea una comisi\u00f3n permanente hacia el observatorio, m\u00e1s all\u00e1 de las gestiones que est\u00e9n al frente. \u201cEste observatorio va a tener la funci\u00f3n de visibilizar, ayudar y acompa\u00f1ar a las v\u00edctimas y familiares en estos casos que no est\u00e1n resueltos por la Justicia\u201d, se\u00f1al\u00f3.<\/p>\n<p>Reconoci\u00f3, adem\u00e1s, que para las y los legisladores es un puntapi\u00e9 inicial para que estas familias tengan un poco de consuelo ante estos homicidios ocurridos hace 30 a\u00f1os. \u201cAcompa\u00f1amos a las familias en este pedido de justicia, ya que esto forma parte de una serie de medidas que fijaron a nivel internacional y que los gobiernos tenemos que involucrarnos, son pol\u00edticas p\u00fablicas que tienen que garantizar los derechos de todas y todos los chaque\u00f1os y este observatorio viene a cumplir con esta premisa\u201d, destac\u00f3 la legisladora.<br \/>\nDerechos humanos y garant\u00edas a las v\u00edctimas La diputada Quir\u00f3s, autora del proyecto, expres\u00f3 que vienen trabajando junto a la familia, a la Secretar\u00eda de DDHH, a la presidenta de la Legislatura y otros diputados y diputadas, en un proyecto de ley que instaure el observatorio para v\u00edctimas en el marco del Poder Legislativo. \u201cComo parte del acuerdo que el gobierno provincial ha hecho con las familias Encaje y Vivo, por los cr\u00edmenes cometidos hace m\u00e1s de 30 a\u00f1os, en memoria de estas v\u00edctimas y con estas familias que trasmutan su dolor en aportes para tener una provincia m\u00e1s justa y m\u00e1s libre de violencias y m\u00e1s igualitaria. En uno de sus art\u00edculos, el proyecto de ley estipula, adem\u00e1s, que los integrantes del observatorio elaboren normativas que involucren los derechos humanos y garant\u00edas de las v\u00edctimas de delitos\u201d, detall\u00f3.<\/p>\n<p>Por su parte, Sager record\u00f3 que \u201cel Estado provincial, a trav\u00e9s de sus tres poderes, suscribi\u00f3 un acuerdo con la Comisi\u00f3n Interamericana de Derechos Humanos (CIDH), que fue la que tom\u00f3 el caso lamentable que sucedi\u00f3 hace d\u00e9cadas y, entre los compromisos asumidos, est\u00e1  la creaci\u00f3n por ley de un Observatorio de V\u00edctimas, y hoy dimos un paso en ese sentido, hubo una presentaci\u00f3n de un anteproyecto para que lo analice la familia y su equipo t\u00e9cnico, el que luego se convertir\u00e1 en proyecto de ley\u201d.<br \/>\nFortalecer el sistema proteccional de v\u00edctimas La subsecretaria de Derechos Humanos y G\u00e9neros agreg\u00f3 que \u201ceste caso fue homologado por la CIDH, se trabaj\u00f3 en la provincia, recordemos que el gobernador pidi\u00f3 perd\u00f3n por el caso y se trabaja en los puntos pendientes de la soluci\u00f3n amistosa. Uno de los puntos correspondientes a la C\u00e1mara de Diputados es este que tiene que ver con el Observatorio de V\u00edctimas de Delitos y agradecemos el compromiso de las y los diputados. Estuvimos acompa\u00f1ando desde la Secretar\u00eda de Derechos Humanos y G\u00e9nero a la familia a Andrea y nos parece fundamental avanzar en este sentido; esperamos seguir cumpliendo con la soluci\u00f3n amistosa y sobre todo para fortalecer el sistema proteccional de v\u00edctimas en nuestra provincia\u201d, afirm\u00f3 Bosch.<\/p>\n<p>La funcionaria dijo que \u201ces un compromiso de todos los espacios pol\u00edticos, en todos los proyectos se ha acompa\u00f1ado por unanimidad y eso es fundamental porque nos ayuda a todas las chaque\u00f1as y chaque\u00f1os a tener un sistema consolidado en materia de derechos humanos y en materia de g\u00e9nero\u201d. Finalmente Andrea Mart\u00ednez afirm\u00f3 que \u201cestamos retomando las l\u00edneas de trabajo que tra\u00edamos en funci\u00f3n del acuerdo de soluci\u00f3n amistosa que firmamos a\u00f1os anteriores, en las que el Gobierno se ha comprometido a implementar pol\u00edticas p\u00fablicas, las cuales van concretando, ya hay dos sancionadas y estamos yendo por la tercera. Nuestro pedido de reparaci\u00f3n tuvo que ver con las cosas que nos faltaron como familia y vamos a tratar de transformarlas en pol\u00edticas p\u00fablicas para que otras v\u00edctimas no tengan que padecer lo que tuvimos que vivir nosotros\u201d.<\/p>\n","protected":false},"excerpt":{"rendered":"<p>La presidenta del Poder Legislativo, Elida Cuesta, junto con los legisladores Mariela Quir\u00f3s y Hugo Sager, present\u00f3 este mi\u00e9rcoles el proyecto de ley que propone crear el Observatorio de V\u00edctimas de Delitos (OVD) Amanda Encaje y N\u00e9stor Vivo, en el \u00e1mbito de la Legislatura provincial, a la secretar\u00eda de Derechos Humanos y G\u00e9neros, Nayla Bosch; [&hellip;]<\/p>\n","protected":false},"author":1,"featured_media":16224,"comment_status":"closed","ping_status":"closed","sticky":false,"template":"","format":"standard","meta":{"footnotes":""},"categories":[6],"tags":[],"class_list":{"0":"post-16223","1":"post","2":"type-post","3":"status-publish","4":"format-standard","5":"has-post-thumbnail","7":"category-chaco"},"_links":{"self":[{"href":"https:\/\/chacosintesis.com.ar\/index.php\/wp-json\/wp\/v2\/posts\/16223","targetHints":{"allow":["GET"]}}],"collection":[{"href":"https:\/\/chacosintesis.com.ar\/index.php\/wp-json\/wp\/v2\/posts"}],"about":[{"href":"https:\/\/chacosintesis.com.ar\/index.php\/wp-json\/wp\/v2\/types\/post"}],"author":[{"embeddable":true,"href":"https:\/\/chacosintesis.com.ar\/index.php\/wp-json\/wp\/v2\/users\/1"}],"replies":[{"embeddable":true,"href":"https:\/\/chacosintesis.com.ar\/index.php\/wp-json\/wp\/v2\/comments?post=16223"}],"version-history":[{"count":0,"href":"https:\/\/chacosintesis.com.ar\/index.php\/wp-json\/wp\/v2\/posts\/16223\/revisions"}],"wp:featuredmedia":[{"embeddable":true,"href":"https:\/\/chacosintesis.com.ar\/index.php\/wp-json\/wp\/v2\/media\/16224"}],"wp:attachment":[{"href":"https:\/\/chacosintesis.com.ar\/index.php\/wp-json\/wp\/v2\/media?parent=16223"}],"wp:term":[{"taxonomy":"category","embeddable":true,"href":"https:\/\/chacosintesis.com.ar\/index.php\/wp-json\/wp\/v2\/categories?post=16223"},{"taxonomy":"post_tag","embeddable":true,"href":"https:\/\/chacosintesis.com.ar\/index.php\/wp-json\/wp\/v2\/tags?post=16223"}],"curies":[{"name":"wp","href":"https:\/\/api.w.org\/{rel}","templated":true}]}}