{"id":16221,"date":"2022-07-06T08:30:10","date_gmt":"2022-07-06T11:30:10","guid":{"rendered":"https:\/\/chacosintesis.com.ar\/?p=16221"},"modified":"2022-07-06T09:06:45","modified_gmt":"2022-07-06T12:06:45","slug":"el-gobierno-disena-un-plan-multidimensional-en-infraestructura-social-basica-derechos-e-ingresos-de-cada-familia","status":"publish","type":"post","link":"https:\/\/chacosintesis.com.ar\/index.php\/el-gobierno-disena-un-plan-multidimensional-en-infraestructura-social-basica-derechos-e-ingresos-de-cada-familia\/","title":{"rendered":"El gobierno dise\u00f1a un plan multidimensional en infraestructura social b\u00e1sica, derechos e ingresos de cada familia"},"content":{"rendered":"<p>El gobernador encabez\u00f3 una reuni\u00f3n con parte de su Gabinete, instituciones p\u00fablicas y equipos t\u00e9cnicos. Trabajar\u00e1n sobre un diagn\u00f3stico real de la pobreza multidimensional, que ser\u00e1 la base para elaborar un plan de acci\u00f3n m\u00e1s eficaz.<br \/>\nEl gobernador Jorge Capitanich reuni\u00f3 hoy a parte del Gabinete provincial, junto a instituciones p\u00fablicas y equipos t\u00e9cnicos, para desarrollar un plan de fortalecimiento multidimensional en infraestructura social b\u00e1sica, derechos e ingresos de cada familia. \u201cCada familia debe contar con una propiedad con acceso a los servicios b\u00e1sicos, poder ejercer sus derechos personal\u00edsimos, sociales y civiles; y contar con ingresos acordes para el hogar\u201d, explic\u00f3 el mandatario a trav\u00e9s de sus redes sociales. El encuentro se desarroll\u00f3 en el Sal\u00f3n Obligado de Casa de Gobierno.<br \/>\nTeniendo en cuenta estos tres par\u00e1metros, la premisa ser\u00e1 trabajar sobre un diagn\u00f3stico real de la pobreza multidimensional y as\u00ed elaborar un plan de acci\u00f3n m\u00e1s eficaz para atender a cada dimensi\u00f3n. \u201cCon este m\u00e9todo, vamos a trabajar en una intervenci\u00f3n integral para elevar la calidad de vida de los chaque\u00f1os y chaque\u00f1as\u201d, afirm\u00f3 Capitanich. Del encuentro, participaron ministras y ministros; funcionarios de organismos descentralizados y representantes de instituciones.<br \/>\nEn la siesta de este martes 5, durante la conferencia de prensa que tuvo lugar luego de la 11\u00ba asamblea de gobernadores del Norte Grande, el mandatario chaque\u00f1o hab\u00eda propuesto tener un concepto \u201cmultidimensional de la pobreza\u201d, en el marco de las acciones propuestas dentro del sistema de Potenciar Trabajo y su conversi\u00f3n en programas de empleo.<br \/>\n\u201cLas provincias de Norte Grande Argentino, por falta de oportunidades para su desarrollo, tenemos primero pobreza estructural y pobreza por ingresos\u201d, indic\u00f3 y ampli\u00f3: \u201cPobreza estructural significa d\u00e9ficit en el acceso de infraestructura social b\u00e1sica, en su acceso. Tenemos acceso a derechos que se han incrementado en los \u00faltimos 10 a\u00f1os, pero necesitamos mejorar el acceso a esos derechos y tambi\u00e9n desde el punto del ingreso, es necesario desarrollar un enfoque multidimensional de pobreza, no unidimensional\u201d.<br \/>\nEn esa l\u00ednea, explic\u00f3 tambi\u00e9n que \u201cunidimensional significa que solo se miden ingresos y si una persona es pobre o no. Nosotros creemos que la pobreza tiene un enfoque de tipo estructural, de derechos, y un enfoque de ingresos, y hay que trabajar mejor. Ah\u00ed vamos a trabajar con las universidades nacionales y con el ministro de Desarrollo Social de la naci\u00f3n\u201d.<\/p>\n","protected":false},"excerpt":{"rendered":"<p>El gobernador encabez\u00f3 una reuni\u00f3n con parte de su Gabinete, instituciones p\u00fablicas y equipos t\u00e9cnicos. Trabajar\u00e1n sobre un diagn\u00f3stico real de la pobreza multidimensional, que ser\u00e1 la base para elaborar un plan de acci\u00f3n m\u00e1s eficaz. El gobernador Jorge Capitanich reuni\u00f3 hoy a parte del Gabinete provincial, junto a instituciones p\u00fablicas y equipos t\u00e9cnicos, para [&hellip;]<\/p>\n","protected":false},"author":1,"featured_media":16222,"comment_status":"closed","ping_status":"closed","sticky":false,"template":"","format":"standard","meta":{"footnotes":""},"categories":[6],"tags":[],"class_list":{"0":"post-16221","1":"post","2":"type-post","3":"status-publish","4":"format-standard","5":"has-post-thumbnail","7":"category-chaco"},"_links":{"self":[{"href":"https:\/\/chacosintesis.com.ar\/index.php\/wp-json\/wp\/v2\/posts\/16221","targetHints":{"allow":["GET"]}}],"collection":[{"href":"https:\/\/chacosintesis.com.ar\/index.php\/wp-json\/wp\/v2\/posts"}],"about":[{"href":"https:\/\/chacosintesis.com.ar\/index.php\/wp-json\/wp\/v2\/types\/post"}],"author":[{"embeddable":true,"href":"https:\/\/chacosintesis.com.ar\/index.php\/wp-json\/wp\/v2\/users\/1"}],"replies":[{"embeddable":true,"href":"https:\/\/chacosintesis.com.ar\/index.php\/wp-json\/wp\/v2\/comments?post=16221"}],"version-history":[{"count":0,"href":"https:\/\/chacosintesis.com.ar\/index.php\/wp-json\/wp\/v2\/posts\/16221\/revisions"}],"wp:featuredmedia":[{"embeddable":true,"href":"https:\/\/chacosintesis.com.ar\/index.php\/wp-json\/wp\/v2\/media\/16222"}],"wp:attachment":[{"href":"https:\/\/chacosintesis.com.ar\/index.php\/wp-json\/wp\/v2\/media?parent=16221"}],"wp:term":[{"taxonomy":"category","embeddable":true,"href":"https:\/\/chacosintesis.com.ar\/index.php\/wp-json\/wp\/v2\/categories?post=16221"},{"taxonomy":"post_tag","embeddable":true,"href":"https:\/\/chacosintesis.com.ar\/index.php\/wp-json\/wp\/v2\/tags?post=16221"}],"curies":[{"name":"wp","href":"https:\/\/api.w.org\/{rel}","templated":true}]}}