{"id":16209,"date":"2022-07-05T19:24:13","date_gmt":"2022-07-05T22:24:13","guid":{"rendered":"https:\/\/chacosintesis.com.ar\/?p=16209"},"modified":"2022-07-05T19:37:29","modified_gmt":"2022-07-05T22:37:29","slug":"asamblea-del-norte-grande-gobernadores-abordaron-agenda-de-21-puntos","status":"publish","type":"post","link":"https:\/\/chacosintesis.com.ar\/index.php\/asamblea-del-norte-grande-gobernadores-abordaron-agenda-de-21-puntos\/","title":{"rendered":"Asamblea del Norte Grande: gobernadores abordaron agenda de 21 puntos"},"content":{"rendered":"<p>En conferencia de prensa, tras participar de la 11\u00ba asamblea de gobernadores del Norte Grande realizada en Formosa, el gobernador del Chaco, Jorge Capitanich detall\u00f3 los 21 puntos abordados durante el c\u00f3nclave. En la oportunidad, confirm\u00f3 la conformaci\u00f3n de la Agencia de Inversi\u00f3n y Comercio Exterior producto de la misi\u00f3n a los Emiratos \u00c1rabes y que funcionar\u00e1 en el seno del Consejo Federal de Inversiones (CFI) con la participaci\u00f3n de todas las provincias argentinas con el objetivo de promover la producci\u00f3n de bienes y servicios de las provincias para aumentar el flujo y aumento de inversiones y la diversificaci\u00f3n de las importaciones.<br \/>\n\u201cHemos tenido una evoluci\u00f3n desde el punto de vista del plan de expansi\u00f3n de energ\u00eda solar en el Norte argentino, donde tenemos manifestaci\u00f3n de inter\u00e9s por 700 megavatios. La manifestaci\u00f3n de inter\u00e9s hab\u00eda que presentarla hasta el 30 de junio ahora se extendi\u00f3 hasta el 18 de julio. Cada una de nuestras provincias tiene ofertas. Eso tiene varios impactos: primero tiene una fuerte inversi\u00f3n y segundo genera mucho empleo en el proceso de construcci\u00f3n de los paneles y tercero tiende a generar una meta de cumplimiento para el Chaco que el 20 por ciento de la energ\u00eda sea energ\u00eda limpia y renovable\u201d, coment\u00f3 Capitanich. Junto al gobernador, viajaron a Formosa la secretaria general de la Gobernaci\u00f3n, Noelia Canteros y el ministro de Producci\u00f3n, Industria y Empleo, Sebasti\u00e1n Lifton, entre otros.<br \/>\nA su vez, se refiri\u00f3 a la iniciativa del desarrollo del deporte. \u201cEstamos planteando una estrategia de federalizaci\u00f3n del deporte. Aqu\u00ed en Formosa se re\u00fane el pr\u00f3ximo jueves se re\u00fanen todos los representantes del deporte con el objeto de fortalecer mecanismos de sistema de sponsorizaci\u00f3n, desarrollo del deporte social escolar federado y de alto rendimiento de una pol\u00edtica donde tengamos el financiamiento y desarrollo para la inclusi\u00f3n social, la construcci\u00f3n de valores para el desarrollo de nuestro de nuestros valores locales\u201d, dijo al respecto.<br \/>\nExpo Norte Grande<br \/>\nLos mandatarios abordaron adem\u00e1s la propuesta presentada por la provincia respecto a la Expo Norte Grande, que se realizar\u00e1 desde el 8 al 11 de septiembre en el Chaco. Se trata de la primera Expo Norte Grande con la participaci\u00f3n de todas las provincias para la oferta de todos los bienes y servicios que se producen en el Norte Grande. \u201cEso es muy importante y est\u00e1 vinculada a una presentaci\u00f3n que hizo el Consejo Federal de Inversiones con el desarrollo de un plan director para el Corredor Bioce\u00e1nico Norte\u201d, plante\u00f3 el gobernador chaque\u00f1o.<br \/>\nAs\u00ed, consider\u00f3 que el Corredor Bioce\u00e1nico Norte \u201ces muy importante\u201d. \u201cPrimero, nuestro pa\u00eds tiene un gran problema con el centralismo. En el 0,1% de la superficie, pr\u00e1cticamente del 37 al 40 por ciento de la poblaci\u00f3n, mientras que en el 99,9% restante el 60 por ciento de la poblaci\u00f3n. Para lo cual es necesario dise\u00f1ar una nueva log\u00edstica que promueva el desarrollo. Nosotros propiciamos el Corredor Bioce\u00e1nico Norte, Bioce\u00e1nico Central, Bioce\u00e1nico Patag\u00f3nico, el desarrollo de la Hidrov\u00eda Paran\u00e1-Paraguay, todo el esquema precordillerano, los controles fronterizos\u201d, enumer\u00f3.<br \/>\n\u201cNecesitamos que la Red de Capricornio se integre al oc\u00e9ano atl\u00e1ntico y pac\u00edfico y que no vaya a las Toninas. Eso es un sistema federal. Estamos trabajando muy bien con muy buenos avances que ya lo iniciamos en febrero del 2020 en Quimil\u00ed y Santiago del Estero con el gobernador de Misiones, de Santiago del Estero y de Formosa. El plan director est\u00e1 muy bien desarrollado, tiene distintas etapas donde nosotros le estamos planteando que para la pr\u00f3xima tengamos, primero, una reforma de la ley 24.331 de Zonas Francas. As\u00ed como est\u00e1 no funciona como incentivo para inversiones y desarrollo productivo para nuestras provincias\u201d, cerr\u00f3 sobre este tema.<br \/>\nTras referirse a la declaraci\u00f3n de los gobernadores respecto al respaldo de la ejecuci\u00f3n del Gasoducto, asegur\u00f3 que otro de de los temas fue el desarrollo en materia de inversiones productivas. \u201cPara eso son las misiones, para eso es la Agencia de Inversi\u00f3n y Comercio Exterior, para eso es la inversi\u00f3n en materia de infraestructura, para eso estamos trabajando en los sistemas de incentivos. Nosotros con el Norte Grande ya logramos las contribuciones patronales diferenciales. Hoy tambi\u00e9n trabajamos en una hip\u00f3tesis para la restituci\u00f3n del decreto 814 del a\u00f1o 2001. Y en ese contexto implicaba una reducci\u00f3n de las contribuciones patronales para las empresas que ten\u00edan trabajadores formales en la Argentina\u201d, agreg\u00f3.<br \/>\n\u201cTambi\u00e9n tuvimos una exposici\u00f3n con el tema del Pre-Viaje, del deporte y su nueva organizaci\u00f3n con el ministro Mat\u00edas Lammens, pero tambi\u00e9n con Juan Zabaleta todo el sistema de Potenciar Trabajo y su conversi\u00f3n en programas de empleo, y en ese contexto yo propuse que tengamos un concepto multidimensional de la pobreza\u201d, concluy\u00f3.<br \/>\nDel mismo modo, trabajaron con el fondo de infraestructura regional para emprendimientos que tienen que ver con desarrollo de PyMEs con el objeto de aumentar y expandir el empleo. \u201cEso conlleva tambi\u00e9n obras de infraestructura que mejoran por ejemplo, almacenes populares, frigor\u00edficos que mejoran la sanidad y mejora sustancialmente la capacidad de faena con desarrollo de sub-productos\u201d, dijo.<br \/>\nGasoil y mensaje final<br \/>\nRespecto al tema del gasoil, los gobernadores plantearon la necesidad de regularizar el abastecimiento. \u201cCada barco que se importa son 50 mil m3, la importaci\u00f3n de cinco barcos en el transcurso de julio significar\u00eda 250 mil m3. En el transcurso de este mes podr\u00edamos tener cerca de 340 mil metro c\u00fabicos. Como la demanda no crece en la misma proporci\u00f3n y hay abastecimiento programado se supone que eso tender\u00eda a regularizarse definitivamente\u201d, analiz\u00f3 Capitanich.<br \/>\nFinalmente y tras referirse a los dem\u00e1s puntos abordados, Capitanich dej\u00f3 su mensaje: \u201cEstamos todos de acuerdo. Diez gobernadores de distintos signos pol\u00edticos estamos de acuerdo. Una de las cuestiones es el tratado bilateral de inversi\u00f3n con Emiratos \u00c1rabes Unidos, creemos que debe tener acuerdo en el Senado con el objeto de garantizar protecci\u00f3n de inversiones que a su vez permita expandir el flujo de inversiones en nuestra regi\u00f3n. Nosotros estamos orientados a inversiones en hoteler\u00eda, para el desarrollo del turismo de naturaleza y otros emprendimientos de la regi\u00f3n que van a ser muy significativos\u201d, dijo y cerr\u00f3: \u201cLo que estamos discutiendo es que la Argentina a trav\u00e9s de los organismos multilaterales de cr\u00e9dito destine do mil millones de d\u00f3lares por a\u00f1o, de forma regular, por 15 a\u00f1os. O sea  30 mil millones de d\u00f3lares para resolver los problemas que tienen que ver con el d\u00e9ficit de infraestructura en la regi\u00f3n. Esto es el volumen de flujo financiero que tiene la Argentina con Banco Mundial, BID, Corporaci\u00f3n Andina de Fomento, FONPLATA y Banco Centroamericano de Inversi\u00f3n. Est\u00e1n dadas las condiciones, a su vez cada una de las provincias garantizamos el esquema  de cofinanciamiento de inversiones como as\u00ed tambi\u00e9n el presupuesto nacional. Argentina necesita superar las confrontaciones que nos dividen. Lo \u00fanico que nos preocupa es gobernar bien\u201d.<\/p>\n","protected":false},"excerpt":{"rendered":"<p>En conferencia de prensa, tras participar de la 11\u00ba asamblea de gobernadores del Norte Grande realizada en Formosa, el gobernador del Chaco, Jorge Capitanich detall\u00f3 los 21 puntos abordados durante el c\u00f3nclave. En la oportunidad, confirm\u00f3 la conformaci\u00f3n de la Agencia de Inversi\u00f3n y Comercio Exterior producto de la misi\u00f3n a los Emiratos \u00c1rabes y [&hellip;]<\/p>\n","protected":false},"author":1,"featured_media":16210,"comment_status":"closed","ping_status":"closed","sticky":false,"template":"","format":"standard","meta":{"footnotes":""},"categories":[6],"tags":[],"class_list":{"0":"post-16209","1":"post","2":"type-post","3":"status-publish","4":"format-standard","5":"has-post-thumbnail","7":"category-chaco"},"_links":{"self":[{"href":"https:\/\/chacosintesis.com.ar\/index.php\/wp-json\/wp\/v2\/posts\/16209","targetHints":{"allow":["GET"]}}],"collection":[{"href":"https:\/\/chacosintesis.com.ar\/index.php\/wp-json\/wp\/v2\/posts"}],"about":[{"href":"https:\/\/chacosintesis.com.ar\/index.php\/wp-json\/wp\/v2\/types\/post"}],"author":[{"embeddable":true,"href":"https:\/\/chacosintesis.com.ar\/index.php\/wp-json\/wp\/v2\/users\/1"}],"replies":[{"embeddable":true,"href":"https:\/\/chacosintesis.com.ar\/index.php\/wp-json\/wp\/v2\/comments?post=16209"}],"version-history":[{"count":0,"href":"https:\/\/chacosintesis.com.ar\/index.php\/wp-json\/wp\/v2\/posts\/16209\/revisions"}],"wp:featuredmedia":[{"embeddable":true,"href":"https:\/\/chacosintesis.com.ar\/index.php\/wp-json\/wp\/v2\/media\/16210"}],"wp:attachment":[{"href":"https:\/\/chacosintesis.com.ar\/index.php\/wp-json\/wp\/v2\/media?parent=16209"}],"wp:term":[{"taxonomy":"category","embeddable":true,"href":"https:\/\/chacosintesis.com.ar\/index.php\/wp-json\/wp\/v2\/categories?post=16209"},{"taxonomy":"post_tag","embeddable":true,"href":"https:\/\/chacosintesis.com.ar\/index.php\/wp-json\/wp\/v2\/tags?post=16209"}],"curies":[{"name":"wp","href":"https:\/\/api.w.org\/{rel}","templated":true}]}}