{"id":16195,"date":"2022-07-04T09:58:31","date_gmt":"2022-07-04T12:58:31","guid":{"rendered":"https:\/\/chacosintesis.com.ar\/?p=16195"},"modified":"2022-07-04T10:07:25","modified_gmt":"2022-07-04T13:07:25","slug":"covid-desde-salud-insisten-en-completar-el-esquema-de-vacunacion","status":"publish","type":"post","link":"https:\/\/chacosintesis.com.ar\/index.php\/covid-desde-salud-insisten-en-completar-el-esquema-de-vacunacion\/","title":{"rendered":"COVID: desde Salud insisten en completar el esquema de vacunaci\u00f3n"},"content":{"rendered":"<p>La directora de Epidemiolog\u00eda, Mar\u00eda Elisa Flores repas\u00f3 los principales indicadores que monitorean el devenir de la pandemia de Covid-19 en la provincia, confirm\u00f3 dos fallecimientos luego de seis semanas sin decesos en el Chaco, y llam\u00f3 a \u201ccompletar esquemas de vacunaci\u00f3n y acceder a los refuerzos\u201d para evitar un rebrote importante de la enfermedad.<br \/>\nLos guarismos corresponden a la semana que se extiende del 26 de junio al 2 de julio. Desde el inicio de la pandemia, los casos registrados en la provincia ascienden a 170.084 en total; mientras que en la \u00faltima semana, se realizaron 1838 testeos (en el \u00e1mbito privado y p\u00fablico), con 438 positivos. Los pacientes en seguimiento m\u00e9dico, v\u00eda telef\u00f3nica, son 11 y hay 3 personas internadas con s\u00edntomas leves.<br \/>\n\u201cEsta semana tuvimos dos pacientes fallecidos, de 66 y 85 a\u00f1os con comorbilidades, ambos en el Perrando\u201d, indic\u00f3 Flores y detall\u00f3 que en ambos casos faltaba \u201ccompletar las dosis de las vacunas\u201d.<br \/>\nLa campa\u00f1a inmunizaci\u00f3n marca que al d\u00eda de hoy se aplicaron 2.277.044 de dosis, casi un 80% de las que recibi\u00f3 desde que comenz\u00f3 el proceso. En mayores de 18 a\u00f1os esto implica un 97% de cobertura con primera dosis, y 85% con segunda dosis. \u201cQueremos reforzar los refuerzos, es importante acceder a los esquemas completos y los refuerzos\u201d, explic\u00f3 Flores.<br \/>\nEn ese sentido remarc\u00f3 que \u201ctodo aquel que no sabe si est\u00e1 en condiciones de recibir los refuerzos, puede acercarse a los centros de vacunaci\u00f3n e informarse. De la misma manera, se puede acceder a la vacuna antigripal\u201d, mencion\u00f3.<\/p>\n","protected":false},"excerpt":{"rendered":"<p>La directora de Epidemiolog\u00eda, Mar\u00eda Elisa Flores repas\u00f3 los principales indicadores que monitorean el devenir de la pandemia de Covid-19 en la provincia, confirm\u00f3 dos fallecimientos luego de seis semanas sin decesos en el Chaco, y llam\u00f3 a \u201ccompletar esquemas de vacunaci\u00f3n y acceder a los refuerzos\u201d para evitar un rebrote importante de la enfermedad. [&hellip;]<\/p>\n","protected":false},"author":1,"featured_media":16196,"comment_status":"closed","ping_status":"closed","sticky":false,"template":"","format":"standard","meta":{"footnotes":""},"categories":[6],"tags":[],"class_list":{"0":"post-16195","1":"post","2":"type-post","3":"status-publish","4":"format-standard","5":"has-post-thumbnail","7":"category-chaco"},"_links":{"self":[{"href":"https:\/\/chacosintesis.com.ar\/index.php\/wp-json\/wp\/v2\/posts\/16195","targetHints":{"allow":["GET"]}}],"collection":[{"href":"https:\/\/chacosintesis.com.ar\/index.php\/wp-json\/wp\/v2\/posts"}],"about":[{"href":"https:\/\/chacosintesis.com.ar\/index.php\/wp-json\/wp\/v2\/types\/post"}],"author":[{"embeddable":true,"href":"https:\/\/chacosintesis.com.ar\/index.php\/wp-json\/wp\/v2\/users\/1"}],"replies":[{"embeddable":true,"href":"https:\/\/chacosintesis.com.ar\/index.php\/wp-json\/wp\/v2\/comments?post=16195"}],"version-history":[{"count":0,"href":"https:\/\/chacosintesis.com.ar\/index.php\/wp-json\/wp\/v2\/posts\/16195\/revisions"}],"wp:featuredmedia":[{"embeddable":true,"href":"https:\/\/chacosintesis.com.ar\/index.php\/wp-json\/wp\/v2\/media\/16196"}],"wp:attachment":[{"href":"https:\/\/chacosintesis.com.ar\/index.php\/wp-json\/wp\/v2\/media?parent=16195"}],"wp:term":[{"taxonomy":"category","embeddable":true,"href":"https:\/\/chacosintesis.com.ar\/index.php\/wp-json\/wp\/v2\/categories?post=16195"},{"taxonomy":"post_tag","embeddable":true,"href":"https:\/\/chacosintesis.com.ar\/index.php\/wp-json\/wp\/v2\/tags?post=16195"}],"curies":[{"name":"wp","href":"https:\/\/api.w.org\/{rel}","templated":true}]}}